{"id":7168,"date":"2020-12-14T11:15:59","date_gmt":"2020-12-14T10:15:59","guid":{"rendered":"https:\/\/infraviacapital.com\/acquisition-of-beaumont-residential-care\/"},"modified":"2025-03-10T14:32:08","modified_gmt":"2025-03-10T13:32:08","slug":"acquisition-de-beaumont-residential-care","status":"publish","type":"post","link":"https:\/\/infraviacapital.com\/fr\/acquisition-de-beaumont-residential-care\/","title":{"rendered":"Acquisition de Beaumont Residential Care"},"content":{"rendered":"[vc_row type=\u00a0\u00bbin_container\u00a0\u00bb full_screen_row_position=\u00a0\u00bbmiddle\u00a0\u00bb column_margin=\u00a0\u00bbdefault\u00a0\u00bb column_direction=\u00a0\u00bbdefault\u00a0\u00bb column_direction_tablet=\u00a0\u00bbdefault\u00a0\u00bb column_direction_phone=\u00a0\u00bbdefault\u00a0\u00bb scene_position=\u00a0\u00bbcenter\u00a0\u00bb text_color=\u00a0\u00bbdark\u00a0\u00bb text_align=\u00a0\u00bbleft\u00a0\u00bb row_border_radius=\u00a0\u00bbnone\u00a0\u00bb row_border_radius_applies=\u00a0\u00bbbg\u00a0\u00bb overflow=\u00a0\u00bbvisible\u00a0\u00bb overlay_strength=\u00a0\u00bb0.3&Prime; gradient_direction=\u00a0\u00bbleft_to_right\u00a0\u00bb shape_divider_position=\u00a0\u00bbbottom\u00a0\u00bb bg_image_animation=\u00a0\u00bbnone\u00a0\u00bb shape_type=\u00a0\u00bb\u00a0\u00bb][vc_column column_padding=\u00a0\u00bbno-extra-padding\u00a0\u00bb column_padding_tablet=\u00a0\u00bbinherit\u00a0\u00bb column_padding_phone=\u00a0\u00bbinherit\u00a0\u00bb column_padding_position=\u00a0\u00bball\u00a0\u00bb column_element_spacing=\u00a0\u00bbdefault\u00a0\u00bb background_color_opacity=\u00a0\u00bb1&Prime; background_hover_color_opacity=\u00a0\u00bb1&Prime; column_shadow=\u00a0\u00bbnone\u00a0\u00bb column_border_radius=\u00a0\u00bbnone\u00a0\u00bb column_link_target=\u00a0\u00bb_self\u00a0\u00bb column_position=\u00a0\u00bbdefault\u00a0\u00bb gradient_direction=\u00a0\u00bbleft_to_right\u00a0\u00bb overlay_strength=\u00a0\u00bb0.3&Prime; width=\u00a0\u00bb1\/1&Prime; tablet_width_inherit=\u00a0\u00bbdefault\u00a0\u00bb tablet_text_alignment=\u00a0\u00bbdefault\u00a0\u00bb phone_text_alignment=\u00a0\u00bbdefault\u00a0\u00bb animation_type=\u00a0\u00bbdefault\u00a0\u00bb bg_image_animation=\u00a0\u00bbnone\u00a0\u00bb border_type=\u00a0\u00bbsimple\u00a0\u00bb column_border_width=\u00a0\u00bbnone\u00a0\u00bb column_border_style=\u00a0\u00bbsolid\u00a0\u00bb][vc_row_inner column_margin=\u00a0\u00bbdefault\u00a0\u00bb column_direction=\u00a0\u00bbdefault\u00a0\u00bb column_direction_tablet=\u00a0\u00bbdefault\u00a0\u00bb column_direction_phone=\u00a0\u00bbdefault\u00a0\u00bb top_padding=\u00a0\u00bb10%\u00a0\u00bb text_align=\u00a0\u00bbleft\u00a0\u00bb row_position=\u00a0\u00bbdefault\u00a0\u00bb row_position_tablet=\u00a0\u00bbinherit\u00a0\u00bb row_position_phone=\u00a0\u00bbinherit\u00a0\u00bb overflow=\u00a0\u00bbvisible\u00a0\u00bb pointer_events=\u00a0\u00bball\u00a0\u00bb][vc_column_inner column_padding=\u00a0\u00bbno-extra-padding\u00a0\u00bb column_padding_tablet=\u00a0\u00bbinherit\u00a0\u00bb column_padding_phone=\u00a0\u00bbinherit\u00a0\u00bb column_padding_position=\u00a0\u00bbleft-right\u00a0\u00bb column_element_spacing=\u00a0\u00bbdefault\u00a0\u00bb background_color_opacity=\u00a0\u00bb1&Prime; background_hover_color_opacity=\u00a0\u00bb1&Prime; column_shadow=\u00a0\u00bbnone\u00a0\u00bb column_border_radius=\u00a0\u00bbnone\u00a0\u00bb column_link_target=\u00a0\u00bb_self\u00a0\u00bb gradient_direction=\u00a0\u00bbleft_to_right\u00a0\u00bb overlay_strength=\u00a0\u00bb0.3&Prime; width=\u00a0\u00bb1\/3&Prime; tablet_width_inherit=\u00a0\u00bbdefault\u00a0\u00bb animation_type=\u00a0\u00bbdefault\u00a0\u00bb bg_image_animation=\u00a0\u00bbnone\u00a0\u00bb border_type=\u00a0\u00bbsimple\u00a0\u00bb column_border_width=\u00a0\u00bbnone\u00a0\u00bb column_border_style=\u00a0\u00bbsolid\u00a0\u00bb][vc_column_text el_class=\u00a0\u00bbbeige\u00a0\u00bb]\n<p style=\"text-align: left;\">14 d\u00e9cembre 2020\n[\/vc_column_text][\/vc_column_inner][vc_column_inner column_padding=\u00a0\u00bbno-extra-padding\u00a0\u00bb column_padding_tablet=\u00a0\u00bbinherit\u00a0\u00bb column_padding_phone=\u00a0\u00bbinherit\u00a0\u00bb column_padding_position=\u00a0\u00bball\u00a0\u00bb column_element_spacing=\u00a0\u00bbdefault\u00a0\u00bb background_color_opacity=\u00a0\u00bb1&Prime; background_hover_color_opacity=\u00a0\u00bb1&Prime; column_shadow=\u00a0\u00bbnone\u00a0\u00bb column_border_radius=\u00a0\u00bbnone\u00a0\u00bb column_link_target=\u00a0\u00bb_self\u00a0\u00bb gradient_direction=\u00a0\u00bbleft_to_right\u00a0\u00bb overlay_strength=\u00a0\u00bb0.3&Prime; width=\u00a0\u00bb1\/3&Prime; tablet_width_inherit=\u00a0\u00bbdefault\u00a0\u00bb animation_type=\u00a0\u00bbdefault\u00a0\u00bb bg_image_animation=\u00a0\u00bbnone\u00a0\u00bb border_type=\u00a0\u00bbsimple\u00a0\u00bb column_border_width=\u00a0\u00bbnone\u00a0\u00bb column_border_style=\u00a0\u00bbsolid\u00a0\u00bb][\/vc_column_inner][vc_column_inner column_padding=\u00a0\u00bbno-extra-padding\u00a0\u00bb column_padding_tablet=\u00a0\u00bbinherit\u00a0\u00bb column_padding_phone=\u00a0\u00bbinherit\u00a0\u00bb column_padding_position=\u00a0\u00bball\u00a0\u00bb column_element_spacing=\u00a0\u00bbdefault\u00a0\u00bb background_color_opacity=\u00a0\u00bb1&Prime; background_hover_color_opacity=\u00a0\u00bb1&Prime; column_shadow=\u00a0\u00bbnone\u00a0\u00bb column_border_radius=\u00a0\u00bbnone\u00a0\u00bb column_link_target=\u00a0\u00bb_self\u00a0\u00bb gradient_direction=\u00a0\u00bbleft_to_right\u00a0\u00bb overlay_strength=\u00a0\u00bb0.3&Prime; width=\u00a0\u00bb1\/3&Prime; tablet_width_inherit=\u00a0\u00bbdefault\u00a0\u00bb animation_type=\u00a0\u00bbdefault\u00a0\u00bb bg_image_animation=\u00a0\u00bbnone\u00a0\u00bb border_type=\u00a0\u00bbsimple\u00a0\u00bb column_border_width=\u00a0\u00bbnone\u00a0\u00bb column_border_style=\u00a0\u00bbsolid\u00a0\u00bb][\/vc_column_inner][\/vc_row_inner][\/vc_column][\/vc_row][vc_row type=\u00a0\u00bbin_container\u00a0\u00bb full_screen_row_position=\u00a0\u00bbmiddle\u00a0\u00bb column_margin=\u00a0\u00bbdefault\u00a0\u00bb column_direction=\u00a0\u00bbdefault\u00a0\u00bb column_direction_tablet=\u00a0\u00bbdefault\u00a0\u00bb column_direction_phone=\u00a0\u00bbdefault\u00a0\u00bb scene_position=\u00a0\u00bbcenter\u00a0\u00bb text_color=\u00a0\u00bbdark\u00a0\u00bb text_align=\u00a0\u00bbleft\u00a0\u00bb row_border_radius=\u00a0\u00bbnone\u00a0\u00bb row_border_radius_applies=\u00a0\u00bbbg\u00a0\u00bb overflow=\u00a0\u00bbvisible\u00a0\u00bb overlay_strength=\u00a0\u00bb0.3&Prime; gradient_direction=\u00a0\u00bbleft_to_right\u00a0\u00bb shape_divider_position=\u00a0\u00bbbottom\u00a0\u00bb bg_image_animation=\u00a0\u00bbnone\u00a0\u00bb][vc_column column_padding=\u00a0\u00bbno-extra-padding\u00a0\u00bb column_padding_tablet=\u00a0\u00bbinherit\u00a0\u00bb column_padding_phone=\u00a0\u00bbinherit\u00a0\u00bb column_padding_position=\u00a0\u00bball\u00a0\u00bb column_element_spacing=\u00a0\u00bbdefault\u00a0\u00bb background_color_opacity=\u00a0\u00bb1&Prime; background_hover_color_opacity=\u00a0\u00bb1&Prime; column_shadow=\u00a0\u00bbnone\u00a0\u00bb column_border_radius=\u00a0\u00bbnone\u00a0\u00bb column_link_target=\u00a0\u00bb_self\u00a0\u00bb column_position=\u00a0\u00bbdefault\u00a0\u00bb gradient_direction=\u00a0\u00bbleft_to_right\u00a0\u00bb overlay_strength=\u00a0\u00bb0.3&Prime; width=\u00a0\u00bb1\/1&Prime; tablet_width_inherit=\u00a0\u00bbdefault\u00a0\u00bb tablet_text_alignment=\u00a0\u00bbdefault\u00a0\u00bb phone_text_alignment=\u00a0\u00bbdefault\u00a0\u00bb animation_type=\u00a0\u00bbdefault\u00a0\u00bb bg_image_animation=\u00a0\u00bbnone\u00a0\u00bb border_type=\u00a0\u00bbsimple\u00a0\u00bb column_border_width=\u00a0\u00bbnone\u00a0\u00bb column_border_style=\u00a0\u00bbsolid\u00a0\u00bb][vc_row_inner column_margin=\u00a0\u00bbdefault\u00a0\u00bb column_direction=\u00a0\u00bbdefault\u00a0\u00bb column_direction_tablet=\u00a0\u00bbdefault\u00a0\u00bb column_direction_phone=\u00a0\u00bbdefault\u00a0\u00bb text_align=\u00a0\u00bbleft\u00a0\u00bb row_position=\u00a0\u00bbdefault\u00a0\u00bb row_position_tablet=\u00a0\u00bbinherit\u00a0\u00bb row_position_phone=\u00a0\u00bbinherit\u00a0\u00bb overflow=\u00a0\u00bbvisible\u00a0\u00bb pointer_events=\u00a0\u00bball\u00a0\u00bb][vc_column_inner column_padding=\u00a0\u00bbpadding-2-percent\u00a0\u00bb column_padding_tablet=\u00a0\u00bbinherit\u00a0\u00bb column_padding_phone=\u00a0\u00bbinherit\u00a0\u00bb column_padding_position=\u00a0\u00bbleft-right\u00a0\u00bb column_element_spacing=\u00a0\u00bbdefault\u00a0\u00bb background_color_opacity=\u00a0\u00bb1&Prime; background_hover_color_opacity=\u00a0\u00bb1&Prime; column_shadow=\u00a0\u00bbnone\u00a0\u00bb column_border_radius=\u00a0\u00bbnone\u00a0\u00bb column_link_target=\u00a0\u00bb_self\u00a0\u00bb gradient_direction=\u00a0\u00bbleft_to_right\u00a0\u00bb overlay_strength=\u00a0\u00bb0.3&Prime; width=\u00a0\u00bb2\/3&Prime; tablet_width_inherit=\u00a0\u00bbdefault\u00a0\u00bb animation_type=\u00a0\u00bbdefault\u00a0\u00bb bg_image_animation=\u00a0\u00bbnone\u00a0\u00bb border_type=\u00a0\u00bbadvanced\u00a0\u00bb border_left_desktop=\u00a0\u00bb1&Prime; column_border_color=\u00a0\u00bb#00afcd\u00a0\u00bb column_border_style=\u00a0\u00bbsolid\u00a0\u00bb][vc_column_text css_animation=\u00a0\u00bbfadeIn\u00a0\u00bb]\n<h1>Acquisition de Beaumont Residential Care<\/h1>\n[\/vc_column_text][\/vc_column_inner][vc_column_inner column_padding=\u00a0\u00bbno-extra-padding\u00a0\u00bb column_padding_tablet=\u00a0\u00bbinherit\u00a0\u00bb column_padding_phone=\u00a0\u00bbinherit\u00a0\u00bb column_padding_position=\u00a0\u00bball\u00a0\u00bb column_element_spacing=\u00a0\u00bbdefault\u00a0\u00bb background_color_opacity=\u00a0\u00bb1&Prime; background_hover_color_opacity=\u00a0\u00bb1&Prime; column_shadow=\u00a0\u00bbnone\u00a0\u00bb column_border_radius=\u00a0\u00bbnone\u00a0\u00bb column_link_target=\u00a0\u00bb_self\u00a0\u00bb gradient_direction=\u00a0\u00bbleft_to_right\u00a0\u00bb overlay_strength=\u00a0\u00bb0.3&Prime; width=\u00a0\u00bb1\/3&Prime; tablet_width_inherit=\u00a0\u00bbdefault\u00a0\u00bb animation_type=\u00a0\u00bbdefault\u00a0\u00bb bg_image_animation=\u00a0\u00bbnone\u00a0\u00bb border_type=\u00a0\u00bbsimple\u00a0\u00bb column_border_width=\u00a0\u00bbnone\u00a0\u00bb column_border_style=\u00a0\u00bbsolid\u00a0\u00bb][\/vc_column_inner][\/vc_row_inner][\/vc_column][\/vc_row][vc_row type=\u00a0\u00bbin_container\u00a0\u00bb full_screen_row_position=\u00a0\u00bbmiddle\u00a0\u00bb column_margin=\u00a0\u00bbdefault\u00a0\u00bb column_direction=\u00a0\u00bbdefault\u00a0\u00bb column_direction_tablet=\u00a0\u00bbdefault\u00a0\u00bb column_direction_phone=\u00a0\u00bbdefault\u00a0\u00bb scene_position=\u00a0\u00bbcenter\u00a0\u00bb text_color=\u00a0\u00bbdark\u00a0\u00bb text_align=\u00a0\u00bbleft\u00a0\u00bb row_border_radius=\u00a0\u00bbnone\u00a0\u00bb row_border_radius_applies=\u00a0\u00bbbg\u00a0\u00bb overflow=\u00a0\u00bbvisible\u00a0\u00bb overlay_strength=\u00a0\u00bb0.3&Prime; gradient_direction=\u00a0\u00bbleft_to_right\u00a0\u00bb shape_divider_position=\u00a0\u00bbbottom\u00a0\u00bb bg_image_animation=\u00a0\u00bbnone\u00a0\u00bb][vc_column column_padding=\u00a0\u00bbno-extra-padding\u00a0\u00bb column_padding_tablet=\u00a0\u00bbinherit\u00a0\u00bb column_padding_phone=\u00a0\u00bbinherit\u00a0\u00bb column_padding_position=\u00a0\u00bball\u00a0\u00bb column_element_spacing=\u00a0\u00bbdefault\u00a0\u00bb background_color_opacity=\u00a0\u00bb1&Prime; background_hover_color_opacity=\u00a0\u00bb1&Prime; column_shadow=\u00a0\u00bbnone\u00a0\u00bb column_border_radius=\u00a0\u00bbnone\u00a0\u00bb column_link_target=\u00a0\u00bb_self\u00a0\u00bb column_position=\u00a0\u00bbdefault\u00a0\u00bb gradient_direction=\u00a0\u00bbleft_to_right\u00a0\u00bb overlay_strength=\u00a0\u00bb0.3&Prime; width=\u00a0\u00bb1\/1&Prime; tablet_width_inherit=\u00a0\u00bbdefault\u00a0\u00bb tablet_text_alignment=\u00a0\u00bbdefault\u00a0\u00bb phone_text_alignment=\u00a0\u00bbdefault\u00a0\u00bb animation_type=\u00a0\u00bbdefault\u00a0\u00bb bg_image_animation=\u00a0\u00bbnone\u00a0\u00bb border_type=\u00a0\u00bbsimple\u00a0\u00bb column_border_width=\u00a0\u00bbnone\u00a0\u00bb column_border_style=\u00a0\u00bbsolid\u00a0\u00bb][vc_row_inner column_margin=\u00a0\u00bbdefault\u00a0\u00bb column_direction=\u00a0\u00bbdefault\u00a0\u00bb column_direction_tablet=\u00a0\u00bbdefault\u00a0\u00bb column_direction_phone=\u00a0\u00bbdefault\u00a0\u00bb text_align=\u00a0\u00bbleft\u00a0\u00bb row_position=\u00a0\u00bbdefault\u00a0\u00bb row_position_tablet=\u00a0\u00bbinherit\u00a0\u00bb row_position_phone=\u00a0\u00bbinherit\u00a0\u00bb overflow=\u00a0\u00bbvisible\u00a0\u00bb pointer_events=\u00a0\u00bball\u00a0\u00bb][vc_column_inner column_padding=\u00a0\u00bbpadding-5-percent\u00a0\u00bb column_padding_tablet=\u00a0\u00bbinherit\u00a0\u00bb column_padding_phone=\u00a0\u00bbinherit\u00a0\u00bb column_padding_position=\u00a0\u00bbtop-right\u00a0\u00bb column_element_spacing=\u00a0\u00bbdefault\u00a0\u00bb background_color_opacity=\u00a0\u00bb1&Prime; background_hover_color_opacity=\u00a0\u00bb1&Prime; column_shadow=\u00a0\u00bbnone\u00a0\u00bb column_border_radius=\u00a0\u00bbnone\u00a0\u00bb column_link_target=\u00a0\u00bb_self\u00a0\u00bb gradient_direction=\u00a0\u00bbleft_to_right\u00a0\u00bb overlay_strength=\u00a0\u00bb0.3&Prime; width=\u00a0\u00bb2\/3&Prime; tablet_width_inherit=\u00a0\u00bbdefault\u00a0\u00bb animation_type=\u00a0\u00bbdefault\u00a0\u00bb bg_image_animation=\u00a0\u00bbnone\u00a0\u00bb border_type=\u00a0\u00bbsimple\u00a0\u00bb column_border_width=\u00a0\u00bbnone\u00a0\u00bb column_border_style=\u00a0\u00bbsolid\u00a0\u00bb][vc_column_text css_animation=\u00a0\u00bbfadeIn\u00a0\u00bb el_class=\u00a0\u00bbnorm\u00a0\u00bb]CareChoice a acquis la maison de retraite Beaumont Residential Care, situ\u00e9e \u00e0 Beaumont, Cork.[\/vc_column_text][vc_column_text css_animation=\u00a0\u00bbfadeIn\u00a0\u00bb]\n<ul>\n<li>L&rsquo;acquisition de Beaumont Residential Care renforce la position de CareChoice en tant que premier op\u00e9rateur de maisons de retraite en Irlande.<\/li>\n<li>CareChoice fournira d\u00e9sormais environ 1 175 lits de soins infirmiers de haute qualit\u00e9 sur 12 sites en Irlande, avec un effectif total d&rsquo;environ 1 450 personnes.<\/li>\n<li>L&rsquo;acquisition de Beaumont Residential souligne une fois de plus la strat\u00e9gie de CareChoice visant \u00e0 devenir le premier groupe de maisons de retraite d&rsquo;Irlande en \u00e9tendant sa pr\u00e9sence sur des sites soigneusement s\u00e9lectionn\u00e9s, par le biais de la croissance organique et d&rsquo;acquisitions.<\/li>\n<li>Cette derni\u00e8re acquisition porte la pr\u00e9sence de Carechoice \u00e0 Cork \u00e0 5 maisons de retraite.<\/li>\n<\/ul>\n<p>CareChoice a annonc\u00e9 l&rsquo;acquisition de la principale maison de soins infirmiers de Cork, Beaumont Residential Care, une maison de soins infirmiers de 73 chambres individuelles bas\u00e9e \u00e0 Beaumont, Cork.<\/p>\n<p>Cette acquisition constitue une \u00e9tape cl\u00e9 dans les plans de d\u00e9veloppement ambitieux de la soci\u00e9t\u00e9 et portera le nombre total de maisons de soins \u00e0 12, offrant environ 1 175 lits de soins r\u00e9sidentiels \u00e0 long terme \u00e0 Dublin, Cork, Meath et Waterford, et portera le nombre total d&#8217;employ\u00e9s \u00e0 environ 1 450.<\/p>\n<p>Beaumont Residential Care est une maison de soins priv\u00e9e construite \u00e0 cet effet et r\u00e9put\u00e9e pour fournir des soins de premi\u00e8re qualit\u00e9 dans un environnement s\u00fbr et accueillant o\u00f9 les besoins des r\u00e9sidents sont prioritaires. La maison est situ\u00e9e sur 2 acres de jardins matures.<\/p>\n<p>\u00c0 propos de cette acquisition, Gerry Moore, PDG de CareChoice, a d\u00e9clar\u00e9 :<\/p>\n<p><em>\u00ab\u00a0Cette acquisition renforce CareChoice en tant que premier op\u00e9rateur de maisons de retraite en Irlande et souligne la strat\u00e9gie de CareChoice qui consiste \u00e0 \u00e9tendre notre pr\u00e9sence dans des lieux soigneusement s\u00e9lectionn\u00e9s, par le biais de la croissance organique et d&rsquo;acquisitions. Beaumont Residential Care correspond parfaitement \u00e0 CareChoice et est une maison de retraite qui s&rsquo;aligne sur notre objectif de fournir les meilleurs soins possibles, selon les normes les plus \u00e9lev\u00e9es, en fonction des pr\u00e9f\u00e9rences des r\u00e9sidents et des choix qu&rsquo;ils veulent faire dans leur vie. Nous sommes impatients de travailler avec Beaumont Residential Care pour d\u00e9velopper son excellente r\u00e9putation en r\u00e9pondant aux besoins des personnes \u00e2g\u00e9es locales n\u00e9cessitant des soins en maison de retraite\u00a0\u00bb.<\/em><\/p>\n<p>Kieran et Fiona O&rsquo;Brien, directeurs et propri\u00e9taires de Beaumont Residential Care, ont d\u00e9clar\u00e9 :<\/p>\n<p><em>\u00ab\u00a0Beaumont Residential Care est en activit\u00e9 et fi\u00e8rement g\u00e9r\u00e9 par notre famille depuis 1989.<\/em><br \/>\n<em>Nous sommes tr\u00e8s fiers de l&rsquo;environnement chaleureux et attentionn\u00e9 de Beaumont Residential Care, qui est soutenu par une \u00e9quipe tr\u00e8s d\u00e9vou\u00e9e et professionnelle. Depuis que nous g\u00e9rons le BRC, nous avons \u00e9tabli des relations \u00e0 long terme avec les r\u00e9sidents, leurs familles et la communaut\u00e9 au sens large. Nous sommes ravis que Beaumont Residential Care rejoigne le groupe de maisons de retraite CareChoice. Apr\u00e8s avoir longuement discut\u00e9 avec Gerry et son \u00e9quipe, nous savons que CareChoice offre un niveau de soins tr\u00e8s \u00e9lev\u00e9 et nous sommes convaincus que les r\u00e9sidents de Beaumont Residential Care continueront \u00e0 b\u00e9n\u00e9ficier des m\u00eames soins et services excellents au sein du groupe CareChoice.\u00a0\u00bb<\/em><\/p>\n<p>TowerView a agi en tant que conseiller financier et O&rsquo;Flynn Exhams LLP en tant que conseiller juridique de CareChoice pour la transaction.<\/p>\n<p>O&rsquo;Connor Pyne a agi en tant que conseiller financier et BDM Boylan en tant que conseiller juridique des actionnaires de Beaumont Residential Care dans le cadre de cette transaction.[\/vc_column_text][divider line_type=\u00a0\u00bbFull Width Line\u00a0\u00bb line_thickness=\u00a0\u00bb1&Prime; divider_color=\u00a0\u00bbextra-color-2&Prime; animate=\u00a0\u00bbyes\u00a0\u00bb custom_height=\u00a0\u00bb50&Prime; delay=\u00a0\u00bb450&Prime;][nectar_cta btn_style=\u00a0\u00bbarrow-animation\u00a0\u00bb heading_tag=\u00a0\u00bbh3&Prime; text_color=\u00a0\u00bb#00afcd\u00a0\u00bb button_color=\u00a0\u00bbdefault\u00a0\u00bb button_border_thickness=\u00a0\u00bb0px\u00a0\u00bb link_type=\u00a0\u00bbregular\u00a0\u00bb alignment=\u00a0\u00bbleft\u00a0\u00bb alignment_tablet=\u00a0\u00bbdefault\u00a0\u00bb alignment_phone=\u00a0\u00bbdefault\u00a0\u00bb display=\u00a0\u00bbblock\u00a0\u00bb display_tablet=\u00a0\u00bbinherit\u00a0\u00bb display_phone=\u00a0\u00bbinherit\u00a0\u00bb link_text=\u00a0\u00bbVISITER LE SITE INTERNET\u00a0\u00bb url=\u00a0\u00bbhttps:\/\/www.brccork.com\/\u00a0\u00bb][\/vc_column_inner][vc_column_inner column_padding=\u00a0\u00bbpadding-5-percent\u00a0\u00bb column_padding_tablet=\u00a0\u00bbinherit\u00a0\u00bb column_padding_phone=\u00a0\u00bbinherit\u00a0\u00bb column_padding_position=\u00a0\u00bball\u00a0\u00bb column_element_spacing=\u00a0\u00bbdefault\u00a0\u00bb background_color_opacity=\u00a0\u00bb1&Prime; background_hover_color_opacity=\u00a0\u00bb1&Prime; column_shadow=\u00a0\u00bbnone\u00a0\u00bb column_border_radius=\u00a0\u00bbnone\u00a0\u00bb column_link_target=\u00a0\u00bb_self\u00a0\u00bb gradient_direction=\u00a0\u00bbleft_to_right\u00a0\u00bb overlay_strength=\u00a0\u00bb0.3&Prime; width=\u00a0\u00bb1\/3&Prime; tablet_width_inherit=\u00a0\u00bbdefault\u00a0\u00bb animation_type=\u00a0\u00bbdefault\u00a0\u00bb bg_image_animation=\u00a0\u00bbnone\u00a0\u00bb border_type=\u00a0\u00bbsimple\u00a0\u00bb column_border_width=\u00a0\u00bbnone\u00a0\u00bb column_border_style=\u00a0\u00bbsolid\u00a0\u00bb][nectar_btn size=\u00a0\u00bblarge\u00a0\u00bb button_style=\u00a0\u00bbregular\u00a0\u00bb button_color_2=\u00a0\u00bbAccent-Color\u00a0\u00bb icon_family=\u00a0\u00bbnone\u00a0\u00bb text=\u00a0\u00bbPDF VERSION\u00a0\u00bb url=\u00a0\u00bb\/wp-content\/uploads\/2021\/06\/parameters-12.pdf\u00a0\u00bb][divider line_type=\u00a0\u00bbFull Width Line\u00a0\u00bb line_thickness=\u00a0\u00bb1&Prime; divider_color=\u00a0\u00bbextra-color-2&Prime; animate=\u00a0\u00bbyes\u00a0\u00bb custom_height=\u00a0\u00bb50&Prime; delay=\u00a0\u00bb450&Prime;][vc_column_text el_class=\u00a0\u00bbbeige\u00a0\u00bb]CONTACTS PRESSE[\/vc_column_text][vc_column_text el_class=\u00a0\u00bbsmall\u00a0\u00bb]Gerry O\u2019Sullivan, Q4 Relations Publiques<br \/>\nTel: 01 4751444 \/ 087 2597644<\/p>\n<p>Nuala Buttner, Q4 Relations Publiques<br \/>\nTel: 01 4751444 \/ 085 1744275[\/vc_column_text][\/vc_column_inner][\/vc_row_inner][\/vc_column][\/vc_row][vc_row type=\u00a0\u00bbin_container\u00a0\u00bb full_screen_row_position=\u00a0\u00bbmiddle\u00a0\u00bb column_margin=\u00a0\u00bbdefault\u00a0\u00bb column_direction=\u00a0\u00bbdefault\u00a0\u00bb column_direction_tablet=\u00a0\u00bbdefault\u00a0\u00bb column_direction_phone=\u00a0\u00bbdefault\u00a0\u00bb scene_position=\u00a0\u00bbcenter\u00a0\u00bb text_color=\u00a0\u00bbdark\u00a0\u00bb text_align=\u00a0\u00bbleft\u00a0\u00bb row_border_radius=\u00a0\u00bbnone\u00a0\u00bb row_border_radius_applies=\u00a0\u00bbbg\u00a0\u00bb overflow=\u00a0\u00bbvisible\u00a0\u00bb advanced_gradient_angle=\u00a0\u00bb0&Prime; overlay_strength=\u00a0\u00bb0.3&Prime; gradient_direction=\u00a0\u00bbleft_to_right\u00a0\u00bb shape_divider_position=\u00a0\u00bbbottom\u00a0\u00bb bg_image_animation=\u00a0\u00bbnone\u00a0\u00bb shape_type=\u00a0\u00bb\u00a0\u00bb gradient_type=\u00a0\u00bbdefault\u00a0\u00bb][vc_column column_padding=\u00a0\u00bbno-extra-padding\u00a0\u00bb column_padding_tablet=\u00a0\u00bbinherit\u00a0\u00bb column_padding_phone=\u00a0\u00bbinherit\u00a0\u00bb column_padding_position=\u00a0\u00bball\u00a0\u00bb column_element_spacing=\u00a0\u00bbdefault\u00a0\u00bb background_color_opacity=\u00a0\u00bb1&Prime; background_hover_color_opacity=\u00a0\u00bb1&Prime; column_shadow=\u00a0\u00bbnone\u00a0\u00bb column_border_radius=\u00a0\u00bbnone\u00a0\u00bb column_link_target=\u00a0\u00bb_self\u00a0\u00bb column_position=\u00a0\u00bbdefault\u00a0\u00bb gradient_direction=\u00a0\u00bbleft_to_right\u00a0\u00bb overlay_strength=\u00a0\u00bb0.3&Prime; width=\u00a0\u00bb1\/1&Prime; tablet_width_inherit=\u00a0\u00bbdefault\u00a0\u00bb tablet_text_alignment=\u00a0\u00bbdefault\u00a0\u00bb phone_text_alignment=\u00a0\u00bbdefault\u00a0\u00bb animation_type=\u00a0\u00bbdefault\u00a0\u00bb bg_image_animation=\u00a0\u00bbnone\u00a0\u00bb border_type=\u00a0\u00bbsimple\u00a0\u00bb column_border_width=\u00a0\u00bbnone\u00a0\u00bb column_border_style=\u00a0\u00bbsolid\u00a0\u00bb][nectar_global_section id=\u00a0\u00bb6304&Prime;][\/vc_column][\/vc_row]\n","protected":false},"excerpt":{"rendered":"<p>CareChoice a acquis la maison de retraite Beaumont Residential Care, situ\u00e9e \u00e0 Beaumont, Cork.<\/p>\n","protected":false},"author":5,"featured_media":5956,"comment_status":"open","ping_status":"open","sticky":false,"template":"","format":"standard","meta":{"inline_featured_image":false,"footnotes":""},"categories":[112,43],"tags":[],"class_list":{"0":"post-7168","1":"post","2":"type-post","3":"status-publish","4":"format-standard","5":"has-post-thumbnail","7":"category-toutes-actus","8":"category-general-fr"},"yoast_head":"<!-- This site is optimized with the Yoast SEO plugin v27.4 - https:\/\/yoast.com\/product\/yoast-seo-wordpress\/ -->\n<title>Acquisition de Beaumont Residential Care - InfraVia<\/title>\n<meta name=\"robots\" content=\"index, follow, max-snippet:-1, max-image-preview:large, max-video-preview:-1\" \/>\n<link rel=\"canonical\" href=\"https:\/\/infraviacapital.com\/fr\/acquisition-de-beaumont-residential-care\/\" \/>\n<meta property=\"og:locale\" content=\"fr_FR\" \/>\n<meta property=\"og:type\" content=\"article\" \/>\n<meta property=\"og:title\" content=\"Acquisition de Beaumont Residential Care - InfraVia\" \/>\n<meta property=\"og:description\" content=\"CareChoice a acquis la maison de retraite Beaumont Residential Care, situ\u00e9e \u00e0 Beaumont, Cork.\" \/>\n<meta property=\"og:url\" content=\"https:\/\/infraviacapital.com\/fr\/acquisition-de-beaumont-residential-care\/\" \/>\n<meta property=\"og:site_name\" content=\"InfraVia\" \/>\n<meta property=\"article:published_time\" content=\"2020-12-14T10:15:59+00:00\" \/>\n<meta property=\"article:modified_time\" content=\"2025-03-10T13:32:08+00:00\" \/>\n<meta property=\"og:image\" content=\"https:\/\/infraviacapital.com\/wp-content\/uploads\/2020\/12\/baumont.jpg\" \/>\n\t<meta property=\"og:image:width\" content=\"850\" \/>\n\t<meta property=\"og:image:height\" content=\"530\" \/>\n\t<meta property=\"og:image:type\" content=\"image\/jpeg\" \/>\n<meta name=\"author\" content=\"WeAreBlow\" \/>\n<meta name=\"twitter:card\" content=\"summary_large_image\" \/>\n<meta name=\"twitter:label1\" content=\"\u00c9crit par\" \/>\n\t<meta name=\"twitter:data1\" content=\"WeAreBlow\" \/>\n\t<meta name=\"twitter:label2\" content=\"Dur\u00e9e de lecture estim\u00e9e\" \/>\n\t<meta name=\"twitter:data2\" content=\"10 minutes\" \/>\n<script type=\"application\/ld+json\" class=\"yoast-schema-graph\">{\"@context\":\"https:\\\/\\\/schema.org\",\"@graph\":[{\"@type\":\"Article\",\"@id\":\"https:\\\/\\\/infraviacapital.com\\\/fr\\\/acquisition-de-beaumont-residential-care\\\/#article\",\"isPartOf\":{\"@id\":\"https:\\\/\\\/infraviacapital.com\\\/fr\\\/acquisition-de-beaumont-residential-care\\\/\"},\"author\":{\"name\":\"WeAreBlow\",\"@id\":\"https:\\\/\\\/infraviacapital.com\\\/#\\\/schema\\\/person\\\/dd5b388ef02863da2d030ecdda32586c\"},\"headline\":\"Acquisition de Beaumont Residential Care\",\"datePublished\":\"2020-12-14T10:15:59+00:00\",\"dateModified\":\"2025-03-10T13:32:08+00:00\",\"mainEntityOfPage\":{\"@id\":\"https:\\\/\\\/infraviacapital.com\\\/fr\\\/acquisition-de-beaumont-residential-care\\\/\"},\"wordCount\":2001,\"commentCount\":0,\"publisher\":{\"@id\":\"https:\\\/\\\/infraviacapital.com\\\/#organization\"},\"image\":{\"@id\":\"https:\\\/\\\/infraviacapital.com\\\/fr\\\/acquisition-de-beaumont-residential-care\\\/#primaryimage\"},\"thumbnailUrl\":\"https:\\\/\\\/infraviacapital.com\\\/wp-content\\\/uploads\\\/2020\\\/12\\\/baumont.jpg\",\"articleSection\":[\"Toutes\",\"Presse\"],\"inLanguage\":\"fr-FR\",\"potentialAction\":[{\"@type\":\"CommentAction\",\"name\":\"Comment\",\"target\":[\"https:\\\/\\\/infraviacapital.com\\\/fr\\\/acquisition-de-beaumont-residential-care\\\/#respond\"]}]},{\"@type\":\"WebPage\",\"@id\":\"https:\\\/\\\/infraviacapital.com\\\/fr\\\/acquisition-de-beaumont-residential-care\\\/\",\"url\":\"https:\\\/\\\/infraviacapital.com\\\/fr\\\/acquisition-de-beaumont-residential-care\\\/\",\"name\":\"Acquisition de Beaumont Residential Care - InfraVia\",\"isPartOf\":{\"@id\":\"https:\\\/\\\/infraviacapital.com\\\/#website\"},\"primaryImageOfPage\":{\"@id\":\"https:\\\/\\\/infraviacapital.com\\\/fr\\\/acquisition-de-beaumont-residential-care\\\/#primaryimage\"},\"image\":{\"@id\":\"https:\\\/\\\/infraviacapital.com\\\/fr\\\/acquisition-de-beaumont-residential-care\\\/#primaryimage\"},\"thumbnailUrl\":\"https:\\\/\\\/infraviacapital.com\\\/wp-content\\\/uploads\\\/2020\\\/12\\\/baumont.jpg\",\"datePublished\":\"2020-12-14T10:15:59+00:00\",\"dateModified\":\"2025-03-10T13:32:08+00:00\",\"breadcrumb\":{\"@id\":\"https:\\\/\\\/infraviacapital.com\\\/fr\\\/acquisition-de-beaumont-residential-care\\\/#breadcrumb\"},\"inLanguage\":\"fr-FR\",\"potentialAction\":[{\"@type\":\"ReadAction\",\"target\":[\"https:\\\/\\\/infraviacapital.com\\\/fr\\\/acquisition-de-beaumont-residential-care\\\/\"]}]},{\"@type\":\"ImageObject\",\"inLanguage\":\"fr-FR\",\"@id\":\"https:\\\/\\\/infraviacapital.com\\\/fr\\\/acquisition-de-beaumont-residential-care\\\/#primaryimage\",\"url\":\"https:\\\/\\\/infraviacapital.com\\\/wp-content\\\/uploads\\\/2020\\\/12\\\/baumont.jpg\",\"contentUrl\":\"https:\\\/\\\/infraviacapital.com\\\/wp-content\\\/uploads\\\/2020\\\/12\\\/baumont.jpg\",\"width\":850,\"height\":530},{\"@type\":\"BreadcrumbList\",\"@id\":\"https:\\\/\\\/infraviacapital.com\\\/fr\\\/acquisition-de-beaumont-residential-care\\\/#breadcrumb\",\"itemListElement\":[{\"@type\":\"ListItem\",\"position\":1,\"name\":\"Home\",\"item\":\"https:\\\/\\\/infraviacapital.com\\\/fr\\\/\"},{\"@type\":\"ListItem\",\"position\":2,\"name\":\"Acquisition de Beaumont Residential Care\"}]},{\"@type\":\"WebSite\",\"@id\":\"https:\\\/\\\/infraviacapital.com\\\/#website\",\"url\":\"https:\\\/\\\/infraviacapital.com\\\/\",\"name\":\"Infravia Capital\",\"description\":\"We connect, we power, we growth\",\"publisher\":{\"@id\":\"https:\\\/\\\/infraviacapital.com\\\/#organization\"},\"potentialAction\":[{\"@type\":\"SearchAction\",\"target\":{\"@type\":\"EntryPoint\",\"urlTemplate\":\"https:\\\/\\\/infraviacapital.com\\\/?s={search_term_string}\"},\"query-input\":{\"@type\":\"PropertyValueSpecification\",\"valueRequired\":true,\"valueName\":\"search_term_string\"}}],\"inLanguage\":\"fr-FR\"},{\"@type\":\"Organization\",\"@id\":\"https:\\\/\\\/infraviacapital.com\\\/#organization\",\"name\":\"Infravia Capital\",\"url\":\"https:\\\/\\\/infraviacapital.com\\\/\",\"logo\":{\"@type\":\"ImageObject\",\"inLanguage\":\"fr-FR\",\"@id\":\"https:\\\/\\\/infraviacapital.com\\\/#\\\/schema\\\/logo\\\/image\\\/\",\"url\":\"https:\\\/\\\/infraviacapital.com\\\/wp-content\\\/uploads\\\/2021\\\/09\\\/maj-logoblue.svg\",\"contentUrl\":\"https:\\\/\\\/infraviacapital.com\\\/wp-content\\\/uploads\\\/2021\\\/09\\\/maj-logoblue.svg\",\"width\":\"1024\",\"height\":\"1024\",\"caption\":\"Infravia Capital\"},\"image\":{\"@id\":\"https:\\\/\\\/infraviacapital.com\\\/#\\\/schema\\\/logo\\\/image\\\/\"}},{\"@type\":\"Person\",\"@id\":\"https:\\\/\\\/infraviacapital.com\\\/#\\\/schema\\\/person\\\/dd5b388ef02863da2d030ecdda32586c\",\"name\":\"WeAreBlow\",\"image\":{\"@type\":\"ImageObject\",\"inLanguage\":\"fr-FR\",\"@id\":\"https:\\\/\\\/secure.gravatar.com\\\/avatar\\\/4fe45c4c426fb5aa4064d00ab9add0ae2ca6ed3b17aeb23f05d9f8cd81f0f6c8?s=96&d=mm&r=g\",\"url\":\"https:\\\/\\\/secure.gravatar.com\\\/avatar\\\/4fe45c4c426fb5aa4064d00ab9add0ae2ca6ed3b17aeb23f05d9f8cd81f0f6c8?s=96&d=mm&r=g\",\"contentUrl\":\"https:\\\/\\\/secure.gravatar.com\\\/avatar\\\/4fe45c4c426fb5aa4064d00ab9add0ae2ca6ed3b17aeb23f05d9f8cd81f0f6c8?s=96&d=mm&r=g\",\"caption\":\"WeAreBlow\"},\"sameAs\":[\"https:\\\/\\\/infraviacapital.com\"]}]}<\/script>\n<!-- \/ Yoast SEO plugin. -->","yoast_head_json":{"title":"Acquisition de Beaumont Residential Care - InfraVia","robots":{"index":"index","follow":"follow","max-snippet":"max-snippet:-1","max-image-preview":"max-image-preview:large","max-video-preview":"max-video-preview:-1"},"canonical":"https:\/\/infraviacapital.com\/fr\/acquisition-de-beaumont-residential-care\/","og_locale":"fr_FR","og_type":"article","og_title":"Acquisition de Beaumont Residential Care - InfraVia","og_description":"CareChoice a acquis la maison de retraite Beaumont Residential Care, situ\u00e9e \u00e0 Beaumont, Cork.","og_url":"https:\/\/infraviacapital.com\/fr\/acquisition-de-beaumont-residential-care\/","og_site_name":"InfraVia","article_published_time":"2020-12-14T10:15:59+00:00","article_modified_time":"2025-03-10T13:32:08+00:00","og_image":[{"width":850,"height":530,"url":"https:\/\/infraviacapital.com\/wp-content\/uploads\/2020\/12\/baumont.jpg","type":"image\/jpeg"}],"author":"WeAreBlow","twitter_card":"summary_large_image","twitter_misc":{"\u00c9crit par":"WeAreBlow","Dur\u00e9e de lecture estim\u00e9e":"10 minutes"},"schema":{"@context":"https:\/\/schema.org","@graph":[{"@type":"Article","@id":"https:\/\/infraviacapital.com\/fr\/acquisition-de-beaumont-residential-care\/#article","isPartOf":{"@id":"https:\/\/infraviacapital.com\/fr\/acquisition-de-beaumont-residential-care\/"},"author":{"name":"WeAreBlow","@id":"https:\/\/infraviacapital.com\/#\/schema\/person\/dd5b388ef02863da2d030ecdda32586c"},"headline":"Acquisition de Beaumont Residential Care","datePublished":"2020-12-14T10:15:59+00:00","dateModified":"2025-03-10T13:32:08+00:00","mainEntityOfPage":{"@id":"https:\/\/infraviacapital.com\/fr\/acquisition-de-beaumont-residential-care\/"},"wordCount":2001,"commentCount":0,"publisher":{"@id":"https:\/\/infraviacapital.com\/#organization"},"image":{"@id":"https:\/\/infraviacapital.com\/fr\/acquisition-de-beaumont-residential-care\/#primaryimage"},"thumbnailUrl":"https:\/\/infraviacapital.com\/wp-content\/uploads\/2020\/12\/baumont.jpg","articleSection":["Toutes","Presse"],"inLanguage":"fr-FR","potentialAction":[{"@type":"CommentAction","name":"Comment","target":["https:\/\/infraviacapital.com\/fr\/acquisition-de-beaumont-residential-care\/#respond"]}]},{"@type":"WebPage","@id":"https:\/\/infraviacapital.com\/fr\/acquisition-de-beaumont-residential-care\/","url":"https:\/\/infraviacapital.com\/fr\/acquisition-de-beaumont-residential-care\/","name":"Acquisition de Beaumont Residential Care - InfraVia","isPartOf":{"@id":"https:\/\/infraviacapital.com\/#website"},"primaryImageOfPage":{"@id":"https:\/\/infraviacapital.com\/fr\/acquisition-de-beaumont-residential-care\/#primaryimage"},"image":{"@id":"https:\/\/infraviacapital.com\/fr\/acquisition-de-beaumont-residential-care\/#primaryimage"},"thumbnailUrl":"https:\/\/infraviacapital.com\/wp-content\/uploads\/2020\/12\/baumont.jpg","datePublished":"2020-12-14T10:15:59+00:00","dateModified":"2025-03-10T13:32:08+00:00","breadcrumb":{"@id":"https:\/\/infraviacapital.com\/fr\/acquisition-de-beaumont-residential-care\/#breadcrumb"},"inLanguage":"fr-FR","potentialAction":[{"@type":"ReadAction","target":["https:\/\/infraviacapital.com\/fr\/acquisition-de-beaumont-residential-care\/"]}]},{"@type":"ImageObject","inLanguage":"fr-FR","@id":"https:\/\/infraviacapital.com\/fr\/acquisition-de-beaumont-residential-care\/#primaryimage","url":"https:\/\/infraviacapital.com\/wp-content\/uploads\/2020\/12\/baumont.jpg","contentUrl":"https:\/\/infraviacapital.com\/wp-content\/uploads\/2020\/12\/baumont.jpg","width":850,"height":530},{"@type":"BreadcrumbList","@id":"https:\/\/infraviacapital.com\/fr\/acquisition-de-beaumont-residential-care\/#breadcrumb","itemListElement":[{"@type":"ListItem","position":1,"name":"Home","item":"https:\/\/infraviacapital.com\/fr\/"},{"@type":"ListItem","position":2,"name":"Acquisition de Beaumont Residential Care"}]},{"@type":"WebSite","@id":"https:\/\/infraviacapital.com\/#website","url":"https:\/\/infraviacapital.com\/","name":"Infravia Capital","description":"We connect, we power, we growth","publisher":{"@id":"https:\/\/infraviacapital.com\/#organization"},"potentialAction":[{"@type":"SearchAction","target":{"@type":"EntryPoint","urlTemplate":"https:\/\/infraviacapital.com\/?s={search_term_string}"},"query-input":{"@type":"PropertyValueSpecification","valueRequired":true,"valueName":"search_term_string"}}],"inLanguage":"fr-FR"},{"@type":"Organization","@id":"https:\/\/infraviacapital.com\/#organization","name":"Infravia Capital","url":"https:\/\/infraviacapital.com\/","logo":{"@type":"ImageObject","inLanguage":"fr-FR","@id":"https:\/\/infraviacapital.com\/#\/schema\/logo\/image\/","url":"https:\/\/infraviacapital.com\/wp-content\/uploads\/2021\/09\/maj-logoblue.svg","contentUrl":"https:\/\/infraviacapital.com\/wp-content\/uploads\/2021\/09\/maj-logoblue.svg","width":"1024","height":"1024","caption":"Infravia Capital"},"image":{"@id":"https:\/\/infraviacapital.com\/#\/schema\/logo\/image\/"}},{"@type":"Person","@id":"https:\/\/infraviacapital.com\/#\/schema\/person\/dd5b388ef02863da2d030ecdda32586c","name":"WeAreBlow","image":{"@type":"ImageObject","inLanguage":"fr-FR","@id":"https:\/\/secure.gravatar.com\/avatar\/4fe45c4c426fb5aa4064d00ab9add0ae2ca6ed3b17aeb23f05d9f8cd81f0f6c8?s=96&d=mm&r=g","url":"https:\/\/secure.gravatar.com\/avatar\/4fe45c4c426fb5aa4064d00ab9add0ae2ca6ed3b17aeb23f05d9f8cd81f0f6c8?s=96&d=mm&r=g","contentUrl":"https:\/\/secure.gravatar.com\/avatar\/4fe45c4c426fb5aa4064d00ab9add0ae2ca6ed3b17aeb23f05d9f8cd81f0f6c8?s=96&d=mm&r=g","caption":"WeAreBlow"},"sameAs":["https:\/\/infraviacapital.com"]}]}},"_links":{"self":[{"href":"https:\/\/infraviacapital.com\/fr\/wp-json\/wp\/v2\/posts\/7168","targetHints":{"allow":["GET"]}}],"collection":[{"href":"https:\/\/infraviacapital.com\/fr\/wp-json\/wp\/v2\/posts"}],"about":[{"href":"https:\/\/infraviacapital.com\/fr\/wp-json\/wp\/v2\/types\/post"}],"author":[{"embeddable":true,"href":"https:\/\/infraviacapital.com\/fr\/wp-json\/wp\/v2\/users\/5"}],"replies":[{"embeddable":true,"href":"https:\/\/infraviacapital.com\/fr\/wp-json\/wp\/v2\/comments?post=7168"}],"version-history":[{"count":3,"href":"https:\/\/infraviacapital.com\/fr\/wp-json\/wp\/v2\/posts\/7168\/revisions"}],"predecessor-version":[{"id":7171,"href":"https:\/\/infraviacapital.com\/fr\/wp-json\/wp\/v2\/posts\/7168\/revisions\/7171"}],"wp:featuredmedia":[{"embeddable":true,"href":"https:\/\/infraviacapital.com\/fr\/wp-json\/wp\/v2\/media\/5956"}],"wp:attachment":[{"href":"https:\/\/infraviacapital.com\/fr\/wp-json\/wp\/v2\/media?parent=7168"}],"wp:term":[{"taxonomy":"category","embeddable":true,"href":"https:\/\/infraviacapital.com\/fr\/wp-json\/wp\/v2\/categories?post=7168"},{"taxonomy":"post_tag","embeddable":true,"href":"https:\/\/infraviacapital.com\/fr\/wp-json\/wp\/v2\/tags?post=7168"}],"curies":[{"name":"wp","href":"https:\/\/api.w.org\/{rel}","templated":true}]}}