{"id":6361,"date":"2019-11-01T10:30:49","date_gmt":"2019-11-01T09:30:49","guid":{"rendered":"https:\/\/infraviacapital.com\/infravia-launches-infravia-growth-fund\/"},"modified":"2025-03-10T14:32:21","modified_gmt":"2025-03-10T13:32:21","slug":"infravia-lance-infravia-growth-fund-en-accueillant-alban-wyniecki-guillaume-santamaria-et-francois-auque","status":"publish","type":"post","link":"https:\/\/infraviacapital.com\/fr\/infravia-lance-infravia-growth-fund-en-accueillant-alban-wyniecki-guillaume-santamaria-et-francois-auque\/","title":{"rendered":"InfraVia lance InfraVia Growth Fund en accueillant Alban Wyniecki, Guillaume Santamaria et Fran\u00e7ois Auque"},"content":{"rendered":"[vc_row type=\u00a0\u00bbin_container\u00a0\u00bb full_screen_row_position=\u00a0\u00bbmiddle\u00a0\u00bb column_margin=\u00a0\u00bbdefault\u00a0\u00bb column_direction=\u00a0\u00bbdefault\u00a0\u00bb column_direction_tablet=\u00a0\u00bbdefault\u00a0\u00bb column_direction_phone=\u00a0\u00bbdefault\u00a0\u00bb scene_position=\u00a0\u00bbcenter\u00a0\u00bb text_color=\u00a0\u00bbdark\u00a0\u00bb text_align=\u00a0\u00bbleft\u00a0\u00bb row_border_radius=\u00a0\u00bbnone\u00a0\u00bb row_border_radius_applies=\u00a0\u00bbbg\u00a0\u00bb overlay_strength=\u00a0\u00bb0.3&Prime; gradient_direction=\u00a0\u00bbleft_to_right\u00a0\u00bb shape_divider_position=\u00a0\u00bbbottom\u00a0\u00bb bg_image_animation=\u00a0\u00bbnone\u00a0\u00bb shape_type=\u00a0\u00bb\u00a0\u00bb][vc_column column_padding=\u00a0\u00bbno-extra-padding\u00a0\u00bb column_padding_tablet=\u00a0\u00bbinherit\u00a0\u00bb column_padding_phone=\u00a0\u00bbinherit\u00a0\u00bb column_padding_position=\u00a0\u00bball\u00a0\u00bb column_element_spacing=\u00a0\u00bbdefault\u00a0\u00bb background_color_opacity=\u00a0\u00bb1&Prime; background_hover_color_opacity=\u00a0\u00bb1&Prime; column_shadow=\u00a0\u00bbnone\u00a0\u00bb column_border_radius=\u00a0\u00bbnone\u00a0\u00bb column_link_target=\u00a0\u00bb_self\u00a0\u00bb gradient_direction=\u00a0\u00bbleft_to_right\u00a0\u00bb overlay_strength=\u00a0\u00bb0.3&Prime; width=\u00a0\u00bb1\/1&Prime; tablet_width_inherit=\u00a0\u00bbdefault\u00a0\u00bb tablet_text_alignment=\u00a0\u00bbdefault\u00a0\u00bb phone_text_alignment=\u00a0\u00bbdefault\u00a0\u00bb bg_image_animation=\u00a0\u00bbnone\u00a0\u00bb border_type=\u00a0\u00bbsimple\u00a0\u00bb column_border_width=\u00a0\u00bbnone\u00a0\u00bb column_border_style=\u00a0\u00bbsolid\u00a0\u00bb][vc_row_inner column_margin=\u00a0\u00bbdefault\u00a0\u00bb column_direction=\u00a0\u00bbdefault\u00a0\u00bb column_direction_tablet=\u00a0\u00bbdefault\u00a0\u00bb column_direction_phone=\u00a0\u00bbdefault\u00a0\u00bb top_padding=\u00a0\u00bb10%\u00a0\u00bb text_align=\u00a0\u00bbleft\u00a0\u00bb][vc_column_inner column_padding=\u00a0\u00bbno-extra-padding\u00a0\u00bb column_padding_tablet=\u00a0\u00bbinherit\u00a0\u00bb column_padding_phone=\u00a0\u00bbinherit\u00a0\u00bb column_padding_position=\u00a0\u00bbleft-right\u00a0\u00bb column_element_spacing=\u00a0\u00bbdefault\u00a0\u00bb background_color_opacity=\u00a0\u00bb1&Prime; background_hover_color_opacity=\u00a0\u00bb1&Prime; column_shadow=\u00a0\u00bbnone\u00a0\u00bb column_border_radius=\u00a0\u00bbnone\u00a0\u00bb column_link_target=\u00a0\u00bb_self\u00a0\u00bb gradient_direction=\u00a0\u00bbleft_to_right\u00a0\u00bb overlay_strength=\u00a0\u00bb0.3&Prime; width=\u00a0\u00bb1\/3&Prime; tablet_width_inherit=\u00a0\u00bbdefault\u00a0\u00bb bg_image_animation=\u00a0\u00bbnone\u00a0\u00bb border_type=\u00a0\u00bbsimple\u00a0\u00bb column_border_width=\u00a0\u00bbnone\u00a0\u00bb column_border_style=\u00a0\u00bbsolid\u00a0\u00bb][vc_column_text el_class=\u00a0\u00bbbeige\u00a0\u00bb]\n<p style=\"text-align: left;\">1 novembre 2019\n[\/vc_column_text][\/vc_column_inner][vc_column_inner column_padding=\u00a0\u00bbno-extra-padding\u00a0\u00bb column_padding_tablet=\u00a0\u00bbinherit\u00a0\u00bb column_padding_phone=\u00a0\u00bbinherit\u00a0\u00bb column_padding_position=\u00a0\u00bball\u00a0\u00bb column_element_spacing=\u00a0\u00bbdefault\u00a0\u00bb background_color_opacity=\u00a0\u00bb1&Prime; background_hover_color_opacity=\u00a0\u00bb1&Prime; column_shadow=\u00a0\u00bbnone\u00a0\u00bb column_border_radius=\u00a0\u00bbnone\u00a0\u00bb column_link_target=\u00a0\u00bb_self\u00a0\u00bb gradient_direction=\u00a0\u00bbleft_to_right\u00a0\u00bb overlay_strength=\u00a0\u00bb0.3&Prime; width=\u00a0\u00bb1\/3&Prime; tablet_width_inherit=\u00a0\u00bbdefault\u00a0\u00bb bg_image_animation=\u00a0\u00bbnone\u00a0\u00bb border_type=\u00a0\u00bbsimple\u00a0\u00bb column_border_width=\u00a0\u00bbnone\u00a0\u00bb column_border_style=\u00a0\u00bbsolid\u00a0\u00bb][\/vc_column_inner][vc_column_inner column_padding=\u00a0\u00bbno-extra-padding\u00a0\u00bb column_padding_tablet=\u00a0\u00bbinherit\u00a0\u00bb column_padding_phone=\u00a0\u00bbinherit\u00a0\u00bb column_padding_position=\u00a0\u00bball\u00a0\u00bb column_element_spacing=\u00a0\u00bbdefault\u00a0\u00bb background_color_opacity=\u00a0\u00bb1&Prime; background_hover_color_opacity=\u00a0\u00bb1&Prime; column_shadow=\u00a0\u00bbnone\u00a0\u00bb column_border_radius=\u00a0\u00bbnone\u00a0\u00bb column_link_target=\u00a0\u00bb_self\u00a0\u00bb gradient_direction=\u00a0\u00bbleft_to_right\u00a0\u00bb overlay_strength=\u00a0\u00bb0.3&Prime; width=\u00a0\u00bb1\/3&Prime; tablet_width_inherit=\u00a0\u00bbdefault\u00a0\u00bb bg_image_animation=\u00a0\u00bbnone\u00a0\u00bb border_type=\u00a0\u00bbsimple\u00a0\u00bb column_border_width=\u00a0\u00bbnone\u00a0\u00bb column_border_style=\u00a0\u00bbsolid\u00a0\u00bb][\/vc_column_inner][\/vc_row_inner][\/vc_column][\/vc_row][vc_row type=\u00a0\u00bbin_container\u00a0\u00bb full_screen_row_position=\u00a0\u00bbmiddle\u00a0\u00bb column_margin=\u00a0\u00bbdefault\u00a0\u00bb column_direction=\u00a0\u00bbdefault\u00a0\u00bb column_direction_tablet=\u00a0\u00bbdefault\u00a0\u00bb column_direction_phone=\u00a0\u00bbdefault\u00a0\u00bb scene_position=\u00a0\u00bbcenter\u00a0\u00bb text_color=\u00a0\u00bbdark\u00a0\u00bb text_align=\u00a0\u00bbleft\u00a0\u00bb row_border_radius=\u00a0\u00bbnone\u00a0\u00bb row_border_radius_applies=\u00a0\u00bbbg\u00a0\u00bb overlay_strength=\u00a0\u00bb0.3&Prime; gradient_direction=\u00a0\u00bbleft_to_right\u00a0\u00bb shape_divider_position=\u00a0\u00bbbottom\u00a0\u00bb bg_image_animation=\u00a0\u00bbnone\u00a0\u00bb][vc_column column_padding=\u00a0\u00bbno-extra-padding\u00a0\u00bb column_padding_tablet=\u00a0\u00bbinherit\u00a0\u00bb column_padding_phone=\u00a0\u00bbinherit\u00a0\u00bb column_padding_position=\u00a0\u00bball\u00a0\u00bb column_element_spacing=\u00a0\u00bbdefault\u00a0\u00bb background_color_opacity=\u00a0\u00bb1&Prime; background_hover_color_opacity=\u00a0\u00bb1&Prime; column_shadow=\u00a0\u00bbnone\u00a0\u00bb column_border_radius=\u00a0\u00bbnone\u00a0\u00bb column_link_target=\u00a0\u00bb_self\u00a0\u00bb gradient_direction=\u00a0\u00bbleft_to_right\u00a0\u00bb overlay_strength=\u00a0\u00bb0.3&Prime; width=\u00a0\u00bb1\/1&Prime; tablet_width_inherit=\u00a0\u00bbdefault\u00a0\u00bb tablet_text_alignment=\u00a0\u00bbdefault\u00a0\u00bb phone_text_alignment=\u00a0\u00bbdefault\u00a0\u00bb bg_image_animation=\u00a0\u00bbnone\u00a0\u00bb border_type=\u00a0\u00bbsimple\u00a0\u00bb column_border_width=\u00a0\u00bbnone\u00a0\u00bb column_border_style=\u00a0\u00bbsolid\u00a0\u00bb][vc_row_inner column_margin=\u00a0\u00bbdefault\u00a0\u00bb column_direction=\u00a0\u00bbdefault\u00a0\u00bb column_direction_tablet=\u00a0\u00bbdefault\u00a0\u00bb column_direction_phone=\u00a0\u00bbdefault\u00a0\u00bb text_align=\u00a0\u00bbleft\u00a0\u00bb][vc_column_inner column_padding=\u00a0\u00bbpadding-2-percent\u00a0\u00bb column_padding_tablet=\u00a0\u00bbinherit\u00a0\u00bb column_padding_phone=\u00a0\u00bbinherit\u00a0\u00bb column_padding_position=\u00a0\u00bbleft-right\u00a0\u00bb column_element_spacing=\u00a0\u00bbdefault\u00a0\u00bb background_color_opacity=\u00a0\u00bb1&Prime; background_hover_color_opacity=\u00a0\u00bb1&Prime; column_shadow=\u00a0\u00bbnone\u00a0\u00bb column_border_radius=\u00a0\u00bbnone\u00a0\u00bb column_link_target=\u00a0\u00bb_self\u00a0\u00bb gradient_direction=\u00a0\u00bbleft_to_right\u00a0\u00bb overlay_strength=\u00a0\u00bb0.3&Prime; width=\u00a0\u00bb2\/3&Prime; tablet_width_inherit=\u00a0\u00bbdefault\u00a0\u00bb bg_image_animation=\u00a0\u00bbnone\u00a0\u00bb border_type=\u00a0\u00bbadvanced\u00a0\u00bb border_left_desktop=\u00a0\u00bb1&Prime; column_border_color=\u00a0\u00bb#00afcd\u00a0\u00bb column_border_style=\u00a0\u00bbsolid\u00a0\u00bb][vc_column_text css_animation=\u00a0\u00bbfadeIn\u00a0\u00bb]\n<h1>InfraVia lance InfraVia Growth Fund en accueillant Alban Wyniecki, Guillaume Santamaria et Fran\u00e7ois Auque<\/h1>\n[\/vc_column_text][\/vc_column_inner][vc_column_inner column_padding=\u00a0\u00bbno-extra-padding\u00a0\u00bb column_padding_tablet=\u00a0\u00bbinherit\u00a0\u00bb column_padding_phone=\u00a0\u00bbinherit\u00a0\u00bb column_padding_position=\u00a0\u00bball\u00a0\u00bb column_element_spacing=\u00a0\u00bbdefault\u00a0\u00bb background_color_opacity=\u00a0\u00bb1&Prime; background_hover_color_opacity=\u00a0\u00bb1&Prime; column_shadow=\u00a0\u00bbnone\u00a0\u00bb column_border_radius=\u00a0\u00bbnone\u00a0\u00bb column_link_target=\u00a0\u00bb_self\u00a0\u00bb gradient_direction=\u00a0\u00bbleft_to_right\u00a0\u00bb overlay_strength=\u00a0\u00bb0.3&Prime; width=\u00a0\u00bb1\/3&Prime; tablet_width_inherit=\u00a0\u00bbdefault\u00a0\u00bb bg_image_animation=\u00a0\u00bbnone\u00a0\u00bb border_type=\u00a0\u00bbsimple\u00a0\u00bb column_border_width=\u00a0\u00bbnone\u00a0\u00bb column_border_style=\u00a0\u00bbsolid\u00a0\u00bb][\/vc_column_inner][\/vc_row_inner][\/vc_column][\/vc_row][vc_row type=\u00a0\u00bbin_container\u00a0\u00bb full_screen_row_position=\u00a0\u00bbmiddle\u00a0\u00bb column_margin=\u00a0\u00bbdefault\u00a0\u00bb column_direction=\u00a0\u00bbdefault\u00a0\u00bb column_direction_tablet=\u00a0\u00bbdefault\u00a0\u00bb column_direction_phone=\u00a0\u00bbdefault\u00a0\u00bb scene_position=\u00a0\u00bbcenter\u00a0\u00bb text_color=\u00a0\u00bbdark\u00a0\u00bb text_align=\u00a0\u00bbleft\u00a0\u00bb row_border_radius=\u00a0\u00bbnone\u00a0\u00bb row_border_radius_applies=\u00a0\u00bbbg\u00a0\u00bb overlay_strength=\u00a0\u00bb0.3&Prime; gradient_direction=\u00a0\u00bbleft_to_right\u00a0\u00bb shape_divider_position=\u00a0\u00bbbottom\u00a0\u00bb bg_image_animation=\u00a0\u00bbnone\u00a0\u00bb][vc_column column_padding=\u00a0\u00bbno-extra-padding\u00a0\u00bb column_padding_tablet=\u00a0\u00bbinherit\u00a0\u00bb column_padding_phone=\u00a0\u00bbinherit\u00a0\u00bb column_padding_position=\u00a0\u00bball\u00a0\u00bb column_element_spacing=\u00a0\u00bbdefault\u00a0\u00bb background_color_opacity=\u00a0\u00bb1&Prime; background_hover_color_opacity=\u00a0\u00bb1&Prime; column_shadow=\u00a0\u00bbnone\u00a0\u00bb column_border_radius=\u00a0\u00bbnone\u00a0\u00bb column_link_target=\u00a0\u00bb_self\u00a0\u00bb gradient_direction=\u00a0\u00bbleft_to_right\u00a0\u00bb overlay_strength=\u00a0\u00bb0.3&Prime; width=\u00a0\u00bb1\/1&Prime; tablet_width_inherit=\u00a0\u00bbdefault\u00a0\u00bb tablet_text_alignment=\u00a0\u00bbdefault\u00a0\u00bb phone_text_alignment=\u00a0\u00bbdefault\u00a0\u00bb bg_image_animation=\u00a0\u00bbnone\u00a0\u00bb border_type=\u00a0\u00bbsimple\u00a0\u00bb column_border_width=\u00a0\u00bbnone\u00a0\u00bb column_border_style=\u00a0\u00bbsolid\u00a0\u00bb][vc_row_inner column_margin=\u00a0\u00bbdefault\u00a0\u00bb column_direction=\u00a0\u00bbdefault\u00a0\u00bb column_direction_tablet=\u00a0\u00bbdefault\u00a0\u00bb column_direction_phone=\u00a0\u00bbdefault\u00a0\u00bb text_align=\u00a0\u00bbleft\u00a0\u00bb][vc_column_inner column_padding=\u00a0\u00bbpadding-5-percent\u00a0\u00bb column_padding_tablet=\u00a0\u00bbinherit\u00a0\u00bb column_padding_phone=\u00a0\u00bbinherit\u00a0\u00bb column_padding_position=\u00a0\u00bbtop-right\u00a0\u00bb column_element_spacing=\u00a0\u00bbdefault\u00a0\u00bb background_color_opacity=\u00a0\u00bb1&Prime; background_hover_color_opacity=\u00a0\u00bb1&Prime; column_shadow=\u00a0\u00bbnone\u00a0\u00bb column_border_radius=\u00a0\u00bbnone\u00a0\u00bb column_link_target=\u00a0\u00bb_self\u00a0\u00bb gradient_direction=\u00a0\u00bbleft_to_right\u00a0\u00bb overlay_strength=\u00a0\u00bb0.3&Prime; width=\u00a0\u00bb2\/3&Prime; tablet_width_inherit=\u00a0\u00bbdefault\u00a0\u00bb bg_image_animation=\u00a0\u00bbnone\u00a0\u00bb border_type=\u00a0\u00bbsimple\u00a0\u00bb column_border_width=\u00a0\u00bbnone\u00a0\u00bb column_border_style=\u00a0\u00bbsolid\u00a0\u00bb][vc_column_text css_animation=\u00a0\u00bbfadeIn\u00a0\u00bb el_class=\u00a0\u00bbnorm\u00a0\u00bb]Un fonds de growth d\u00e9di\u00e9 \u00e0 la tech pour accompagner la digitalisation des infrastructures et de l\u2019\u00e9conomie[\/vc_column_text][vc_column_text css_animation=\u00a0\u00bbfadeIn\u00a0\u00bb]Fort de son exp\u00e9rience et de ses comp\u00e9tences accumul\u00e9es dans le secteur des infrastructures, InfraVia Capital Partners (\u00ab InfraVia \u00bb) lance InfraVia Growth Fund. \u00c0 l\u2019heure o\u00f9 le num\u00e9rique transforme l\u2019ensemble de l\u2019\u00e9conomie, y compris les<br \/>\ninfrastructures, et fait entrer le secteur dans l\u2019\u00e9conomie de services, InfraVia entend accompagner les soci\u00e9t\u00e9s tech dans leur phase de scale-up.<\/p>\n<p>Actif dans le march\u00e9 depuis 2008, InfraVia g\u00e8re aujourd\u2019hui 4 fonds sp\u00e9cialis\u00e9s dans les infrastructures, compte 4 milliards d\u2019euros d\u2019actifs sous gestion et a r\u00e9alis\u00e9 une trentaine d\u2019investissements en Europe. Figurant parmi les pionniers du secteur des infrastructures en Europe, InfraVia a \u00e9t\u00e9 l\u2019une des premi\u00e8res soci\u00e9t\u00e9s de gestion \u00e0 investir dans des infrastructures sur lesquelles repose l\u2019\u00e9conomie num\u00e9rique (data centers, r\u00e9seaux de fibres). Gr\u00e2ce \u00e0 sa connaissance approfondie de l\u2019\u00e9cosyst\u00e8me, InfraVia lance une deuxi\u00e8me strat\u00e9gie d\u00e9di\u00e9e au Growth afin d\u2019investir dans les soci\u00e9t\u00e9s technologiques en phase de forte croissance. <em>\u00ab Notre exp\u00e9rience et nos comp\u00e9tences seront un atout pr\u00e9cieux<\/em><br \/>\n<em>pour rep\u00e9rer, \u00e9valuer et acc\u00e9l\u00e9rer le d\u00e9veloppement des soci\u00e9t\u00e9s en phase de scale-up \u00bb<\/em> annonce <a href=\"\/fr\/companies\/vincent-levita\/\">Vincent Levita<\/a>, CEO et fondateur d\u2019InfraVia.<\/p>\n<p>Dans l\u2019infrastructure, comme dans d\u2019autres secteurs, le digital bouleverse les mod\u00e8les et transforme les usages. Les outils num\u00e9riques et le big data r\u00e9duisent les co\u00fbts, am\u00e9liorent l\u2019efficacit\u00e9, limitent les risques d\u2019impr\u00e9vus et permettent aux infrastructures d\u2019optimiser leur performance et d\u2019entrer dans l\u2019\u00e9conomie de services. <em>\u00ab L\u2019association d\u2019actifs physiques structurants pour l\u2019\u00e9conomie et des nouvelles technologies sera g\u00e9n\u00e9ratrice d\u2019opportunit\u00e9s de croissance et de performance sans pr\u00e9c\u00e9dent \u00bb<\/em> analyse Vincent Levita.<\/p>\n<p>Afin d\u2019accompagner cette transformation structurelle, InfraVia annonce le lancement d\u2019un fonds d\u00e9di\u00e9 aux leaders technologiques servant les entreprises op\u00e9rant notamment dans les secteurs historiquement couverts par la soci\u00e9t\u00e9 de gestion : mobilit\u00e9\/logistique, t\u00e9l\u00e9com, industrie, sant\u00e9 et \u00e9nergie. <em>\u00ab Ces secteurs sont tous concern\u00e9s par des mutations<\/em><br \/>\n<em>profondes, notamment du fait de l\u2019\u00e9mergence de nouveaux acteurs digitaux qui ont des besoins en capitaux importants pour pouvoir \u00eatre comp\u00e9titifs \u00e0 l\u2019\u00e9chelle mondiale. Nous entendons les y aider via du financement, bien entendu, mais aussi par un soutien op\u00e9rationnel dans la dur\u00e9e \u00bb<\/em> d\u00e9clare <a href=\"\/fr\/companies\/guillaume-santamaria\/\">Guillaume Santamaria<\/a>, Partner InfraVia.<\/p>\n<p>Visant \u00e0 structurer, acc\u00e9l\u00e9rer et internationaliser les soci\u00e9t\u00e9s technologiques europ\u00e9ennes en croissance et ambitionnant de devenir les leaders dans leurs domaines, InfraVia vise une lev\u00e9e de fonds de 300 millions d\u2019euros aupr\u00e8s de ses investisseurs en particulier institutionnels. Le fonds ciblera des soci\u00e9t\u00e9s pr\u00e9sentant un fort potentiel de croissance associ\u00e9 \u00e0 une trajectoire de profitabilit\u00e9 d\u00e9j\u00e0 acquise.<\/p>\n<p>Pour cela, InfraVia constitue une \u00e9quipe d\u00e9di\u00e9e de professionnels exp\u00e9riment\u00e9s dans les domaines des technologies, de l\u2019investissement et de l\u2019industrie. Cette \u00e9quipe rassemblera une dizaine de personnes et sera emmen\u00e9e par ses trois partners : <a href=\"\/fr\/companies\/alban-wyniecki\/\">Alban Wyniecki<\/a>, <a href=\"\/fr\/companies\/guillaume-santamaria\/\">Guillaume Santamaria<\/a> et <a href=\"\/fr\/companies\/francois-auque\/\">Fran\u00e7ois Auque<\/a>.<\/p>\n<p><em>\u00ab Avec Guillaume et Fran\u00e7ois, nous sommes ravis de mettre notre exp\u00e9rience commune (plus de 50 op\u00e9rations dans les 5 derni\u00e8res ann\u00e9es) au service du financement des leaders technologiques de demain, et nous nous r\u00e9jouissons de rejoindre le partnership InfraVia pour y parvenir \u00bb<\/em> ajoute Alban Wyniecki, Partner InfraVia.<\/p>\n<p>Comme l\u2019a soulign\u00e9 le rapport Tibi, peu de soci\u00e9t\u00e9s technologiques fran\u00e7aises parviennent \u00e0 passer le cap de l\u2019internationalisation et de l\u2019introduction en bourse faute de financement suffisant en phase dite late-stage. Le Gouvernement a d\u00e9cid\u00e9 d\u2019encourager cette initiative et de pousser la place de Paris \u00e0 investir significativement dans les start-ups. C\u2019est pr\u00e9cis\u00e9ment cette opportunit\u00e9 de march\u00e9 que le nouveau fonds InfraVia Growth entend<br \/>\nsaisir. <em>\u00ab Les investisseurs institutionnels sont pr\u00eats \u00e0 nous suivre pour financer les p\u00e9pites technologiques qui \u00e9mergent aujourd\u2019hui, assure Fran\u00e7ois Auque, Partner InfraVia. C\u2019est un enjeu crucial pour la souverainet\u00e9 technologique de la France et de l\u2019Europe demain \u00bb.\u00a0<\/em>[\/vc_column_text][divider line_type=\u00a0\u00bbFull Width Line\u00a0\u00bb line_thickness=\u00a0\u00bb1&Prime; divider_color=\u00a0\u00bbextra-color-2&Prime; animate=\u00a0\u00bbyes\u00a0\u00bb custom_height=\u00a0\u00bb50&Prime; delay=\u00a0\u00bb450&Prime;][\/vc_column_inner][vc_column_inner column_padding=\u00a0\u00bbpadding-5-percent\u00a0\u00bb column_padding_tablet=\u00a0\u00bbinherit\u00a0\u00bb column_padding_phone=\u00a0\u00bbinherit\u00a0\u00bb column_padding_position=\u00a0\u00bball\u00a0\u00bb column_element_spacing=\u00a0\u00bbdefault\u00a0\u00bb background_color_opacity=\u00a0\u00bb1&Prime; background_hover_color_opacity=\u00a0\u00bb1&Prime; column_shadow=\u00a0\u00bbnone\u00a0\u00bb column_border_radius=\u00a0\u00bbnone\u00a0\u00bb column_link_target=\u00a0\u00bb_self\u00a0\u00bb gradient_direction=\u00a0\u00bbleft_to_right\u00a0\u00bb overlay_strength=\u00a0\u00bb0.3&Prime; width=\u00a0\u00bb1\/3&Prime; tablet_width_inherit=\u00a0\u00bbdefault\u00a0\u00bb bg_image_animation=\u00a0\u00bbnone\u00a0\u00bb border_type=\u00a0\u00bbsimple\u00a0\u00bb column_border_width=\u00a0\u00bbnone\u00a0\u00bb column_border_style=\u00a0\u00bbsolid\u00a0\u00bb][nectar_btn size=\u00a0\u00bblarge\u00a0\u00bb button_style=\u00a0\u00bbregular\u00a0\u00bb button_color_2=\u00a0\u00bbAccent-Color\u00a0\u00bb icon_family=\u00a0\u00bbnone\u00a0\u00bb text=\u00a0\u00bbPDF VERSION\u00a0\u00bb url=\u00a0\u00bb\/wp-content\/uploads\/2021\/12\/2019-10-01_fr_communique_infravialanceinfraviagrowthfundenaccueillantalbanwynieckiguillaumesantamariaetfranoisauque.pdf\u00a0\u00bb][divider line_type=\u00a0\u00bbFull Width Line\u00a0\u00bb line_thickness=\u00a0\u00bb1&Prime; divider_color=\u00a0\u00bbextra-color-2&Prime; animate=\u00a0\u00bbyes\u00a0\u00bb custom_height=\u00a0\u00bb50&Prime; delay=\u00a0\u00bb450&Prime;][vc_column_text el_class=\u00a0\u00bbbeige\u00a0\u00bb]CONTACTS PRESSE[\/vc_column_text][vc_column_text el_class=\u00a0\u00bbsmall\u00a0\u00bb]INFRAVIA<br \/>\nVincent LEVITA Fondateur et CEO<br \/>\nvlevita@infraviacapital.com<br \/>\n+33 (0)1 40 68 17 38<\/p>\n<p>TADDEO<br \/>\nDelphine GRANIER<br \/>\ndelphine.granier@taddeo.fr<br \/>\n+33 (0)6 33 05 48 50[\/vc_column_text][\/vc_column_inner][\/vc_row_inner][\/vc_column][\/vc_row][vc_row type=\u00a0\u00bbin_container\u00a0\u00bb full_screen_row_position=\u00a0\u00bbmiddle\u00a0\u00bb column_margin=\u00a0\u00bbdefault\u00a0\u00bb column_direction=\u00a0\u00bbdefault\u00a0\u00bb column_direction_tablet=\u00a0\u00bbdefault\u00a0\u00bb column_direction_phone=\u00a0\u00bbdefault\u00a0\u00bb scene_position=\u00a0\u00bbcenter\u00a0\u00bb text_color=\u00a0\u00bbdark\u00a0\u00bb text_align=\u00a0\u00bbleft\u00a0\u00bb row_border_radius=\u00a0\u00bbnone\u00a0\u00bb row_border_radius_applies=\u00a0\u00bbbg\u00a0\u00bb overlay_strength=\u00a0\u00bb0.3&Prime; gradient_direction=\u00a0\u00bbleft_to_right\u00a0\u00bb shape_divider_position=\u00a0\u00bbbottom\u00a0\u00bb bg_image_animation=\u00a0\u00bbnone\u00a0\u00bb][vc_column column_padding=\u00a0\u00bbno-extra-padding\u00a0\u00bb column_padding_tablet=\u00a0\u00bbinherit\u00a0\u00bb column_padding_phone=\u00a0\u00bbinherit\u00a0\u00bb column_padding_position=\u00a0\u00bball\u00a0\u00bb column_element_spacing=\u00a0\u00bbdefault\u00a0\u00bb background_color_opacity=\u00a0\u00bb1&Prime; background_hover_color_opacity=\u00a0\u00bb1&Prime; column_shadow=\u00a0\u00bbnone\u00a0\u00bb column_border_radius=\u00a0\u00bbnone\u00a0\u00bb column_link_target=\u00a0\u00bb_self\u00a0\u00bb gradient_direction=\u00a0\u00bbleft_to_right\u00a0\u00bb overlay_strength=\u00a0\u00bb0.3&Prime; width=\u00a0\u00bb1\/1&Prime; tablet_width_inherit=\u00a0\u00bbdefault\u00a0\u00bb tablet_text_alignment=\u00a0\u00bbdefault\u00a0\u00bb phone_text_alignment=\u00a0\u00bbdefault\u00a0\u00bb bg_image_animation=\u00a0\u00bbnone\u00a0\u00bb border_type=\u00a0\u00bbsimple\u00a0\u00bb column_border_width=\u00a0\u00bbnone\u00a0\u00bb column_border_style=\u00a0\u00bbsolid\u00a0\u00bb][nectar_global_section id=\u00a0\u00bb6304&Prime;][\/vc_column][\/vc_row]\n","protected":false},"excerpt":{"rendered":"<p>Un fonds de growth d\u00e9di\u00e9 \u00e0 la tech pour accompagner la digitalisation des infrastructures et de l\u2019\u00e9conomie.<\/p>\n","protected":false},"author":5,"featured_media":5952,"comment_status":"open","ping_status":"open","sticky":false,"template":"","format":"standard","meta":{"inline_featured_image":false,"footnotes":""},"categories":[112,43],"tags":[],"class_list":{"0":"post-6361","1":"post","2":"type-post","3":"status-publish","4":"format-standard","5":"has-post-thumbnail","7":"category-toutes-actus","8":"category-general-fr"},"yoast_head":"<!-- This site is optimized with the Yoast SEO plugin v27.4 - https:\/\/yoast.com\/product\/yoast-seo-wordpress\/ -->\n<title>InfraVia lance InfraVia Growth Fund en accueillant Alban Wyniecki, Guillaume Santamaria et Fran\u00e7ois Auque - InfraVia<\/title>\n<meta name=\"robots\" content=\"index, follow, max-snippet:-1, max-image-preview:large, max-video-preview:-1\" \/>\n<link rel=\"canonical\" href=\"https:\/\/infraviacapital.com\/fr\/infravia-lance-infravia-growth-fund-en-accueillant-alban-wyniecki-guillaume-santamaria-et-francois-auque\/\" \/>\n<meta property=\"og:locale\" content=\"fr_FR\" \/>\n<meta property=\"og:type\" content=\"article\" \/>\n<meta property=\"og:title\" content=\"InfraVia lance InfraVia Growth Fund en accueillant Alban Wyniecki, Guillaume Santamaria et Fran\u00e7ois Auque - InfraVia\" \/>\n<meta property=\"og:description\" content=\"Un fonds de growth d\u00e9di\u00e9 \u00e0 la tech pour accompagner la digitalisation des infrastructures et de l\u2019\u00e9conomie.\" \/>\n<meta property=\"og:url\" content=\"https:\/\/infraviacapital.com\/fr\/infravia-lance-infravia-growth-fund-en-accueillant-alban-wyniecki-guillaume-santamaria-et-francois-auque\/\" \/>\n<meta property=\"og:site_name\" content=\"InfraVia\" \/>\n<meta property=\"article:published_time\" content=\"2019-11-01T09:30:49+00:00\" \/>\n<meta property=\"article:modified_time\" content=\"2025-03-10T13:32:21+00:00\" \/>\n<meta property=\"og:image\" content=\"https:\/\/infraviacapital.com\/wp-content\/uploads\/2021\/01\/sdg.jpg\" \/>\n\t<meta property=\"og:image:width\" content=\"430\" \/>\n\t<meta property=\"og:image:height\" content=\"288\" \/>\n\t<meta property=\"og:image:type\" content=\"image\/jpeg\" \/>\n<meta name=\"author\" content=\"WeAreBlow\" \/>\n<meta name=\"twitter:card\" content=\"summary_large_image\" \/>\n<meta name=\"twitter:label1\" content=\"\u00c9crit par\" \/>\n\t<meta name=\"twitter:data1\" content=\"WeAreBlow\" \/>\n\t<meta name=\"twitter:label2\" content=\"Dur\u00e9e de lecture estim\u00e9e\" \/>\n\t<meta name=\"twitter:data2\" content=\"5 minutes\" \/>\n<script type=\"application\/ld+json\" class=\"yoast-schema-graph\">{\"@context\":\"https:\\\/\\\/schema.org\",\"@graph\":[{\"@type\":\"Article\",\"@id\":\"https:\\\/\\\/infraviacapital.com\\\/fr\\\/infravia-lance-infravia-growth-fund-en-accueillant-alban-wyniecki-guillaume-santamaria-et-francois-auque\\\/#article\",\"isPartOf\":{\"@id\":\"https:\\\/\\\/infraviacapital.com\\\/fr\\\/infravia-lance-infravia-growth-fund-en-accueillant-alban-wyniecki-guillaume-santamaria-et-francois-auque\\\/\"},\"author\":{\"name\":\"WeAreBlow\",\"@id\":\"https:\\\/\\\/infraviacapital.com\\\/#\\\/schema\\\/person\\\/dd5b388ef02863da2d030ecdda32586c\"},\"headline\":\"InfraVia lance InfraVia Growth Fund en accueillant Alban Wyniecki, Guillaume Santamaria et Fran\u00e7ois Auque\",\"datePublished\":\"2019-11-01T09:30:49+00:00\",\"dateModified\":\"2025-03-10T13:32:21+00:00\",\"mainEntityOfPage\":{\"@id\":\"https:\\\/\\\/infraviacapital.com\\\/fr\\\/infravia-lance-infravia-growth-fund-en-accueillant-alban-wyniecki-guillaume-santamaria-et-francois-auque\\\/\"},\"wordCount\":1983,\"commentCount\":0,\"publisher\":{\"@id\":\"https:\\\/\\\/infraviacapital.com\\\/#organization\"},\"image\":{\"@id\":\"https:\\\/\\\/infraviacapital.com\\\/fr\\\/infravia-lance-infravia-growth-fund-en-accueillant-alban-wyniecki-guillaume-santamaria-et-francois-auque\\\/#primaryimage\"},\"thumbnailUrl\":\"https:\\\/\\\/infraviacapital.com\\\/wp-content\\\/uploads\\\/2021\\\/01\\\/sdg.jpg\",\"articleSection\":[\"Toutes\",\"Presse\"],\"inLanguage\":\"fr-FR\",\"potentialAction\":[{\"@type\":\"CommentAction\",\"name\":\"Comment\",\"target\":[\"https:\\\/\\\/infraviacapital.com\\\/fr\\\/infravia-lance-infravia-growth-fund-en-accueillant-alban-wyniecki-guillaume-santamaria-et-francois-auque\\\/#respond\"]}]},{\"@type\":\"WebPage\",\"@id\":\"https:\\\/\\\/infraviacapital.com\\\/fr\\\/infravia-lance-infravia-growth-fund-en-accueillant-alban-wyniecki-guillaume-santamaria-et-francois-auque\\\/\",\"url\":\"https:\\\/\\\/infraviacapital.com\\\/fr\\\/infravia-lance-infravia-growth-fund-en-accueillant-alban-wyniecki-guillaume-santamaria-et-francois-auque\\\/\",\"name\":\"InfraVia lance InfraVia Growth Fund en accueillant Alban Wyniecki, Guillaume Santamaria et Fran\u00e7ois Auque - InfraVia\",\"isPartOf\":{\"@id\":\"https:\\\/\\\/infraviacapital.com\\\/#website\"},\"primaryImageOfPage\":{\"@id\":\"https:\\\/\\\/infraviacapital.com\\\/fr\\\/infravia-lance-infravia-growth-fund-en-accueillant-alban-wyniecki-guillaume-santamaria-et-francois-auque\\\/#primaryimage\"},\"image\":{\"@id\":\"https:\\\/\\\/infraviacapital.com\\\/fr\\\/infravia-lance-infravia-growth-fund-en-accueillant-alban-wyniecki-guillaume-santamaria-et-francois-auque\\\/#primaryimage\"},\"thumbnailUrl\":\"https:\\\/\\\/infraviacapital.com\\\/wp-content\\\/uploads\\\/2021\\\/01\\\/sdg.jpg\",\"datePublished\":\"2019-11-01T09:30:49+00:00\",\"dateModified\":\"2025-03-10T13:32:21+00:00\",\"breadcrumb\":{\"@id\":\"https:\\\/\\\/infraviacapital.com\\\/fr\\\/infravia-lance-infravia-growth-fund-en-accueillant-alban-wyniecki-guillaume-santamaria-et-francois-auque\\\/#breadcrumb\"},\"inLanguage\":\"fr-FR\",\"potentialAction\":[{\"@type\":\"ReadAction\",\"target\":[\"https:\\\/\\\/infraviacapital.com\\\/fr\\\/infravia-lance-infravia-growth-fund-en-accueillant-alban-wyniecki-guillaume-santamaria-et-francois-auque\\\/\"]}]},{\"@type\":\"ImageObject\",\"inLanguage\":\"fr-FR\",\"@id\":\"https:\\\/\\\/infraviacapital.com\\\/fr\\\/infravia-lance-infravia-growth-fund-en-accueillant-alban-wyniecki-guillaume-santamaria-et-francois-auque\\\/#primaryimage\",\"url\":\"https:\\\/\\\/infraviacapital.com\\\/wp-content\\\/uploads\\\/2021\\\/01\\\/sdg.jpg\",\"contentUrl\":\"https:\\\/\\\/infraviacapital.com\\\/wp-content\\\/uploads\\\/2021\\\/01\\\/sdg.jpg\",\"width\":430,\"height\":288},{\"@type\":\"BreadcrumbList\",\"@id\":\"https:\\\/\\\/infraviacapital.com\\\/fr\\\/infravia-lance-infravia-growth-fund-en-accueillant-alban-wyniecki-guillaume-santamaria-et-francois-auque\\\/#breadcrumb\",\"itemListElement\":[{\"@type\":\"ListItem\",\"position\":1,\"name\":\"Home\",\"item\":\"https:\\\/\\\/infraviacapital.com\\\/fr\\\/\"},{\"@type\":\"ListItem\",\"position\":2,\"name\":\"InfraVia lance InfraVia Growth Fund en accueillant Alban Wyniecki, Guillaume Santamaria et Fran\u00e7ois Auque\"}]},{\"@type\":\"WebSite\",\"@id\":\"https:\\\/\\\/infraviacapital.com\\\/#website\",\"url\":\"https:\\\/\\\/infraviacapital.com\\\/\",\"name\":\"Infravia Capital\",\"description\":\"We connect, we power, we growth\",\"publisher\":{\"@id\":\"https:\\\/\\\/infraviacapital.com\\\/#organization\"},\"potentialAction\":[{\"@type\":\"SearchAction\",\"target\":{\"@type\":\"EntryPoint\",\"urlTemplate\":\"https:\\\/\\\/infraviacapital.com\\\/?s={search_term_string}\"},\"query-input\":{\"@type\":\"PropertyValueSpecification\",\"valueRequired\":true,\"valueName\":\"search_term_string\"}}],\"inLanguage\":\"fr-FR\"},{\"@type\":\"Organization\",\"@id\":\"https:\\\/\\\/infraviacapital.com\\\/#organization\",\"name\":\"Infravia Capital\",\"url\":\"https:\\\/\\\/infraviacapital.com\\\/\",\"logo\":{\"@type\":\"ImageObject\",\"inLanguage\":\"fr-FR\",\"@id\":\"https:\\\/\\\/infraviacapital.com\\\/#\\\/schema\\\/logo\\\/image\\\/\",\"url\":\"https:\\\/\\\/infraviacapital.com\\\/wp-content\\\/uploads\\\/2021\\\/09\\\/maj-logoblue.svg\",\"contentUrl\":\"https:\\\/\\\/infraviacapital.com\\\/wp-content\\\/uploads\\\/2021\\\/09\\\/maj-logoblue.svg\",\"width\":\"1024\",\"height\":\"1024\",\"caption\":\"Infravia Capital\"},\"image\":{\"@id\":\"https:\\\/\\\/infraviacapital.com\\\/#\\\/schema\\\/logo\\\/image\\\/\"}},{\"@type\":\"Person\",\"@id\":\"https:\\\/\\\/infraviacapital.com\\\/#\\\/schema\\\/person\\\/dd5b388ef02863da2d030ecdda32586c\",\"name\":\"WeAreBlow\",\"image\":{\"@type\":\"ImageObject\",\"inLanguage\":\"fr-FR\",\"@id\":\"https:\\\/\\\/secure.gravatar.com\\\/avatar\\\/4fe45c4c426fb5aa4064d00ab9add0ae2ca6ed3b17aeb23f05d9f8cd81f0f6c8?s=96&d=mm&r=g\",\"url\":\"https:\\\/\\\/secure.gravatar.com\\\/avatar\\\/4fe45c4c426fb5aa4064d00ab9add0ae2ca6ed3b17aeb23f05d9f8cd81f0f6c8?s=96&d=mm&r=g\",\"contentUrl\":\"https:\\\/\\\/secure.gravatar.com\\\/avatar\\\/4fe45c4c426fb5aa4064d00ab9add0ae2ca6ed3b17aeb23f05d9f8cd81f0f6c8?s=96&d=mm&r=g\",\"caption\":\"WeAreBlow\"},\"sameAs\":[\"https:\\\/\\\/infraviacapital.com\"]}]}<\/script>\n<!-- \/ Yoast SEO plugin. -->","yoast_head_json":{"title":"InfraVia lance InfraVia Growth Fund en accueillant Alban Wyniecki, Guillaume Santamaria et Fran\u00e7ois Auque - InfraVia","robots":{"index":"index","follow":"follow","max-snippet":"max-snippet:-1","max-image-preview":"max-image-preview:large","max-video-preview":"max-video-preview:-1"},"canonical":"https:\/\/infraviacapital.com\/fr\/infravia-lance-infravia-growth-fund-en-accueillant-alban-wyniecki-guillaume-santamaria-et-francois-auque\/","og_locale":"fr_FR","og_type":"article","og_title":"InfraVia lance InfraVia Growth Fund en accueillant Alban Wyniecki, Guillaume Santamaria et Fran\u00e7ois Auque - InfraVia","og_description":"Un fonds de growth d\u00e9di\u00e9 \u00e0 la tech pour accompagner la digitalisation des infrastructures et de l\u2019\u00e9conomie.","og_url":"https:\/\/infraviacapital.com\/fr\/infravia-lance-infravia-growth-fund-en-accueillant-alban-wyniecki-guillaume-santamaria-et-francois-auque\/","og_site_name":"InfraVia","article_published_time":"2019-11-01T09:30:49+00:00","article_modified_time":"2025-03-10T13:32:21+00:00","og_image":[{"width":430,"height":288,"url":"https:\/\/infraviacapital.com\/wp-content\/uploads\/2021\/01\/sdg.jpg","type":"image\/jpeg"}],"author":"WeAreBlow","twitter_card":"summary_large_image","twitter_misc":{"\u00c9crit par":"WeAreBlow","Dur\u00e9e de lecture estim\u00e9e":"5 minutes"},"schema":{"@context":"https:\/\/schema.org","@graph":[{"@type":"Article","@id":"https:\/\/infraviacapital.com\/fr\/infravia-lance-infravia-growth-fund-en-accueillant-alban-wyniecki-guillaume-santamaria-et-francois-auque\/#article","isPartOf":{"@id":"https:\/\/infraviacapital.com\/fr\/infravia-lance-infravia-growth-fund-en-accueillant-alban-wyniecki-guillaume-santamaria-et-francois-auque\/"},"author":{"name":"WeAreBlow","@id":"https:\/\/infraviacapital.com\/#\/schema\/person\/dd5b388ef02863da2d030ecdda32586c"},"headline":"InfraVia lance InfraVia Growth Fund en accueillant Alban Wyniecki, Guillaume Santamaria et Fran\u00e7ois Auque","datePublished":"2019-11-01T09:30:49+00:00","dateModified":"2025-03-10T13:32:21+00:00","mainEntityOfPage":{"@id":"https:\/\/infraviacapital.com\/fr\/infravia-lance-infravia-growth-fund-en-accueillant-alban-wyniecki-guillaume-santamaria-et-francois-auque\/"},"wordCount":1983,"commentCount":0,"publisher":{"@id":"https:\/\/infraviacapital.com\/#organization"},"image":{"@id":"https:\/\/infraviacapital.com\/fr\/infravia-lance-infravia-growth-fund-en-accueillant-alban-wyniecki-guillaume-santamaria-et-francois-auque\/#primaryimage"},"thumbnailUrl":"https:\/\/infraviacapital.com\/wp-content\/uploads\/2021\/01\/sdg.jpg","articleSection":["Toutes","Presse"],"inLanguage":"fr-FR","potentialAction":[{"@type":"CommentAction","name":"Comment","target":["https:\/\/infraviacapital.com\/fr\/infravia-lance-infravia-growth-fund-en-accueillant-alban-wyniecki-guillaume-santamaria-et-francois-auque\/#respond"]}]},{"@type":"WebPage","@id":"https:\/\/infraviacapital.com\/fr\/infravia-lance-infravia-growth-fund-en-accueillant-alban-wyniecki-guillaume-santamaria-et-francois-auque\/","url":"https:\/\/infraviacapital.com\/fr\/infravia-lance-infravia-growth-fund-en-accueillant-alban-wyniecki-guillaume-santamaria-et-francois-auque\/","name":"InfraVia lance InfraVia Growth Fund en accueillant Alban Wyniecki, Guillaume Santamaria et Fran\u00e7ois Auque - InfraVia","isPartOf":{"@id":"https:\/\/infraviacapital.com\/#website"},"primaryImageOfPage":{"@id":"https:\/\/infraviacapital.com\/fr\/infravia-lance-infravia-growth-fund-en-accueillant-alban-wyniecki-guillaume-santamaria-et-francois-auque\/#primaryimage"},"image":{"@id":"https:\/\/infraviacapital.com\/fr\/infravia-lance-infravia-growth-fund-en-accueillant-alban-wyniecki-guillaume-santamaria-et-francois-auque\/#primaryimage"},"thumbnailUrl":"https:\/\/infraviacapital.com\/wp-content\/uploads\/2021\/01\/sdg.jpg","datePublished":"2019-11-01T09:30:49+00:00","dateModified":"2025-03-10T13:32:21+00:00","breadcrumb":{"@id":"https:\/\/infraviacapital.com\/fr\/infravia-lance-infravia-growth-fund-en-accueillant-alban-wyniecki-guillaume-santamaria-et-francois-auque\/#breadcrumb"},"inLanguage":"fr-FR","potentialAction":[{"@type":"ReadAction","target":["https:\/\/infraviacapital.com\/fr\/infravia-lance-infravia-growth-fund-en-accueillant-alban-wyniecki-guillaume-santamaria-et-francois-auque\/"]}]},{"@type":"ImageObject","inLanguage":"fr-FR","@id":"https:\/\/infraviacapital.com\/fr\/infravia-lance-infravia-growth-fund-en-accueillant-alban-wyniecki-guillaume-santamaria-et-francois-auque\/#primaryimage","url":"https:\/\/infraviacapital.com\/wp-content\/uploads\/2021\/01\/sdg.jpg","contentUrl":"https:\/\/infraviacapital.com\/wp-content\/uploads\/2021\/01\/sdg.jpg","width":430,"height":288},{"@type":"BreadcrumbList","@id":"https:\/\/infraviacapital.com\/fr\/infravia-lance-infravia-growth-fund-en-accueillant-alban-wyniecki-guillaume-santamaria-et-francois-auque\/#breadcrumb","itemListElement":[{"@type":"ListItem","position":1,"name":"Home","item":"https:\/\/infraviacapital.com\/fr\/"},{"@type":"ListItem","position":2,"name":"InfraVia lance InfraVia Growth Fund en accueillant Alban Wyniecki, Guillaume Santamaria et Fran\u00e7ois Auque"}]},{"@type":"WebSite","@id":"https:\/\/infraviacapital.com\/#website","url":"https:\/\/infraviacapital.com\/","name":"Infravia Capital","description":"We connect, we power, we growth","publisher":{"@id":"https:\/\/infraviacapital.com\/#organization"},"potentialAction":[{"@type":"SearchAction","target":{"@type":"EntryPoint","urlTemplate":"https:\/\/infraviacapital.com\/?s={search_term_string}"},"query-input":{"@type":"PropertyValueSpecification","valueRequired":true,"valueName":"search_term_string"}}],"inLanguage":"fr-FR"},{"@type":"Organization","@id":"https:\/\/infraviacapital.com\/#organization","name":"Infravia Capital","url":"https:\/\/infraviacapital.com\/","logo":{"@type":"ImageObject","inLanguage":"fr-FR","@id":"https:\/\/infraviacapital.com\/#\/schema\/logo\/image\/","url":"https:\/\/infraviacapital.com\/wp-content\/uploads\/2021\/09\/maj-logoblue.svg","contentUrl":"https:\/\/infraviacapital.com\/wp-content\/uploads\/2021\/09\/maj-logoblue.svg","width":"1024","height":"1024","caption":"Infravia Capital"},"image":{"@id":"https:\/\/infraviacapital.com\/#\/schema\/logo\/image\/"}},{"@type":"Person","@id":"https:\/\/infraviacapital.com\/#\/schema\/person\/dd5b388ef02863da2d030ecdda32586c","name":"WeAreBlow","image":{"@type":"ImageObject","inLanguage":"fr-FR","@id":"https:\/\/secure.gravatar.com\/avatar\/4fe45c4c426fb5aa4064d00ab9add0ae2ca6ed3b17aeb23f05d9f8cd81f0f6c8?s=96&d=mm&r=g","url":"https:\/\/secure.gravatar.com\/avatar\/4fe45c4c426fb5aa4064d00ab9add0ae2ca6ed3b17aeb23f05d9f8cd81f0f6c8?s=96&d=mm&r=g","contentUrl":"https:\/\/secure.gravatar.com\/avatar\/4fe45c4c426fb5aa4064d00ab9add0ae2ca6ed3b17aeb23f05d9f8cd81f0f6c8?s=96&d=mm&r=g","caption":"WeAreBlow"},"sameAs":["https:\/\/infraviacapital.com"]}]}},"_links":{"self":[{"href":"https:\/\/infraviacapital.com\/fr\/wp-json\/wp\/v2\/posts\/6361","targetHints":{"allow":["GET"]}}],"collection":[{"href":"https:\/\/infraviacapital.com\/fr\/wp-json\/wp\/v2\/posts"}],"about":[{"href":"https:\/\/infraviacapital.com\/fr\/wp-json\/wp\/v2\/types\/post"}],"author":[{"embeddable":true,"href":"https:\/\/infraviacapital.com\/fr\/wp-json\/wp\/v2\/users\/5"}],"replies":[{"embeddable":true,"href":"https:\/\/infraviacapital.com\/fr\/wp-json\/wp\/v2\/comments?post=6361"}],"version-history":[{"count":5,"href":"https:\/\/infraviacapital.com\/fr\/wp-json\/wp\/v2\/posts\/6361\/revisions"}],"predecessor-version":[{"id":6371,"href":"https:\/\/infraviacapital.com\/fr\/wp-json\/wp\/v2\/posts\/6361\/revisions\/6371"}],"wp:featuredmedia":[{"embeddable":true,"href":"https:\/\/infraviacapital.com\/fr\/wp-json\/wp\/v2\/media\/5952"}],"wp:attachment":[{"href":"https:\/\/infraviacapital.com\/fr\/wp-json\/wp\/v2\/media?parent=6361"}],"wp:term":[{"taxonomy":"category","embeddable":true,"href":"https:\/\/infraviacapital.com\/fr\/wp-json\/wp\/v2\/categories?post=6361"},{"taxonomy":"post_tag","embeddable":true,"href":"https:\/\/infraviacapital.com\/fr\/wp-json\/wp\/v2\/tags?post=6361"}],"curies":[{"name":"wp","href":"https:\/\/api.w.org\/{rel}","templated":true}]}}